 {"id":5892,"date":"2023-08-21T07:01:26","date_gmt":"2023-08-21T10:01:26","guid":{"rendered":"https:\/\/portalmidia.net\/?p=5892"},"modified":"2023-08-21T07:01:26","modified_gmt":"2023-08-21T10:01:26","slug":"mulher-morre-e-outras-duas-pessoas-ficam-feridas-apos-carro-cair-de-viaduto-na-grande-joao-pessoa","status":"publish","type":"post","link":"https:\/\/portalmidia.net\/index.php\/2023\/08\/21\/mulher-morre-e-outras-duas-pessoas-ficam-feridas-apos-carro-cair-de-viaduto-na-grande-joao-pessoa\/","title":{"rendered":"Mulher morre e outras duas pessoas ficam feridas ap\u00f3s carro cair de viaduto na Grande Jo\u00e3o Pessoa"},"content":{"rendered":"<div id=\"chunk-4353j\">\n<div class=\"mc-column content-text active-extra-styles \" data-block-type=\"unstyled\" data-block-weight=\"42\" data-block-id=\"3\">\n<p class=\"content-text__container \" style=\"text-align: justify;\" data-track-category=\"Link no Texto\" data-track-links=\"\">Uma mulher morreu e mais duas pessoas ficaram feridas ap\u00f3s o motorista de um carro perder o controle da dire\u00e7\u00e3o e cair de um viaduto em\u00a0<a class=\"\" href=\"https:\/\/g1.globo.com\/pb\/paraiba\/cidade\/santa-rita-pb\/\">Santa Rita<\/a>, na Regi\u00e3o Metropolitana de Jo\u00e3o Pessoa. O acidente aconteceu na tarde deste domingo (20).<\/p>\n<\/div>\n<\/div>\n<div class=\"wall protected-content\">\n<div id=\"chunk-fk5o1\" style=\"text-align: justify;\">\n<div class=\"mc-column content-text active-extra-styles \" data-block-type=\"unstyled\" data-block-weight=\"15\" data-block-id=\"4\">\n<p class=\"content-text__container \" data-track-category=\"Link no Texto\" data-track-links=\"\">Uma crian\u00e7a tamb\u00e9m estava no autom\u00f3vel, mas devido ao uso da cadeirinha, n\u00e3o se feriu.<\/p>\n<\/div>\n<\/div>\n<div id=\"chunk-1ocaf\" style=\"text-align: justify;\">\n<div class=\"mc-column content-text active-extra-styles \" data-block-type=\"unstyled\" data-block-weight=\"29\" data-block-id=\"5\">\n<p class=\"content-text__container \" data-track-category=\"Link no Texto\" data-track-links=\"\">O acidente n\u00e3o envolveu outros ve\u00edculos. O carro em que as v\u00edtimas estavam quebrou a mureta do viaduto e caiu, ficando de cabe\u00e7a para baixo no acostamento da via.<\/p>\n<\/div>\n<\/div>\n<div id=\"chunk-52lc9\" style=\"text-align: justify;\">\n<div class=\"mc-column content-text active-extra-styles \" data-block-type=\"unstyled\" data-block-weight=\"31\" data-block-id=\"6\">\n<p class=\"content-text__container \" data-track-category=\"Link no Texto\" data-track-links=\"\">Uma das passageiras morreu ainda no local do acidente. Ela foi socorrida pela equipe m\u00e9dica em uma ambul\u00e2ncia, mas n\u00e3o resistiu aos ferimentos e nem chegou a ser levada ao hospital.<\/p>\n<\/div>\n<\/div>\n<div id=\"chunk-a9leb\" style=\"text-align: justify;\"><\/div>\n<div id=\"chunk-fuief\" style=\"text-align: justify;\">\n<div class=\"mc-column content-text active-extra-styles \" data-block-type=\"unstyled\" data-block-weight=\"5\" data-block-id=\"8\">\n<p class=\"content-text__container \" data-track-category=\"Link no Texto\" data-track-links=\"\">Estavam no ve\u00edculo que caiu:<\/p>\n<\/div>\n<\/div>\n<div id=\"chunk-6veef\" style=\"text-align: justify;\">\n<div class=\"mc-column content-text active-extra-styles\" data-block-type=\"raw\" data-block-weight=\"27\" data-block-id=\"9\">\n<p class=\"content-text__container\">\n<ul class=\"content-unordered-list\">\n<li>Uma mulher, que morreu;<\/li>\n<li>Um menino, que n\u00e3o se machucou;<\/li>\n<li>Um homem, motorista do carro, que n\u00e3o foi levado ao hospital;<\/li>\n<li>Uma mulher, que precisou ser internada.<\/li>\n<\/ul>\n<p>&nbsp;<\/p>\n<\/div>\n<\/div>\n<div id=\"chunk-7goo7\" style=\"text-align: justify;\">\n<div class=\"mc-column content-text active-extra-styles \" data-block-type=\"unstyled\" data-block-weight=\"22\" data-block-id=\"10\">\n<p class=\"content-text__container \" data-track-category=\"Link no Texto\" data-track-links=\"\">A mulher que sobreviveu foi levada ao Hospital de Trauma de Jo\u00e3o Pessoa em estado de sa\u00fade grave e precisou ser intubada.<\/p>\n<\/div>\n<\/div>\n<div id=\"chunk-bc48c\" style=\"text-align: justify;\">\n<div class=\"mc-column content-text active-extra-styles \" data-block-type=\"unstyled\" data-block-weight=\"24\" data-block-id=\"11\">\n<p class=\"content-text__container \" data-track-category=\"Link no Texto\" data-track-links=\"\">Um familiar das v\u00edtimas informou \u00e0 TV Cabo Branco que o motorista e os passageiros do autom\u00f3vel viajavam com destino ao munic\u00edpio de Pilar.<\/p>\n<\/div>\n<\/div>\n<div id=\"chunk-92ibn\">\n<div class=\"mc-column content-text active-extra-styles \" data-block-type=\"unstyled\" data-block-weight=\"10\" data-block-id=\"12\">\n<p class=\"content-text__container \" style=\"text-align: justify;\" data-track-category=\"Link no Texto\" data-track-links=\"\">Ainda n\u00e3o \u00e9 poss\u00edvel dizer o que causou o acidente.<\/p>\n<\/div>\n<\/div>\n<\/div>\n<p data-track-category=\"Link no Texto\" data-track-links=\"\">\n<p data-track-category=\"Link no Texto\" data-track-links=\"\">\n<p data-track-category=\"Link no Texto\" data-track-links=\"\">\n<p data-track-category=\"Link no Texto\" data-track-links=\"\">\n<p data-track-category=\"Link no Texto\" data-track-links=\"\">\n<p data-track-category=\"Link no Texto\" data-track-links=\"\">\n<p data-track-category=\"Link no Texto\" data-track-links=\"\">\n<p data-track-category=\"Link no Texto\" data-track-links=\"\">\n<p data-track-category=\"Link no Texto\" data-track-links=\"\">G1<\/p>\n","protected":false},"excerpt":{"rendered":"<p>Uma mulher morreu e mais duas pessoas ficaram feridas ap\u00f3s o motorista de um carro perder o controle da dire\u00e7\u00e3o e cair de um viaduto em\u00a0Santa Rita, na Regi\u00e3o Metropolitana de Jo\u00e3o Pessoa. O acidente aconteceu na tarde deste domingo (20). Uma crian\u00e7a tamb\u00e9m estava no autom\u00f3vel, mas devido ao uso da cadeirinha, n\u00e3o se<\/p>\n","protected":false},"author":1,"featured_media":5894,"comment_status":"open","ping_status":"open","sticky":false,"template":"","format":"standard","meta":{"_eb_attr":"","footnotes":""},"categories":[7,2],"tags":[],"class_list":["post-5892","post","type-post","status-publish","format-standard","has-post-thumbnail","hentry","category-destaque","category-policial"],"_links":{"self":[{"href":"https:\/\/portalmidia.net\/index.php\/wp-json\/wp\/v2\/posts\/5892","targetHints":{"allow":["GET"]}}],"collection":[{"href":"https:\/\/portalmidia.net\/index.php\/wp-json\/wp\/v2\/posts"}],"about":[{"href":"https:\/\/portalmidia.net\/index.php\/wp-json\/wp\/v2\/types\/post"}],"author":[{"embeddable":true,"href":"https:\/\/portalmidia.net\/index.php\/wp-json\/wp\/v2\/users\/1"}],"replies":[{"embeddable":true,"href":"https:\/\/portalmidia.net\/index.php\/wp-json\/wp\/v2\/comments?post=5892"}],"version-history":[{"count":0,"href":"https:\/\/portalmidia.net\/index.php\/wp-json\/wp\/v2\/posts\/5892\/revisions"}],"wp:featuredmedia":[{"embeddable":true,"href":"https:\/\/portalmidia.net\/index.php\/wp-json\/wp\/v2\/media\/5894"}],"wp:attachment":[{"href":"https:\/\/portalmidia.net\/index.php\/wp-json\/wp\/v2\/media?parent=5892"}],"wp:term":[{"taxonomy":"category","embeddable":true,"href":"https:\/\/portalmidia.net\/index.php\/wp-json\/wp\/v2\/categories?post=5892"},{"taxonomy":"post_tag","embeddable":true,"href":"https:\/\/portalmidia.net\/index.php\/wp-json\/wp\/v2\/tags?post=5892"}],"curies":[{"name":"wp","href":"https:\/\/api.w.org\/{rel}","templated":true}]}}