 {"id":5896,"date":"2023-08-21T07:03:24","date_gmt":"2023-08-21T10:03:24","guid":{"rendered":"https:\/\/portalmidia.net\/?p=5896"},"modified":"2023-08-21T07:03:24","modified_gmt":"2023-08-21T10:03:24","slug":"cantor-e-baleado-por-garcom-apos-briga-em-quiosque-na-orla-de-joao-pessoa-diz-policia","status":"publish","type":"post","link":"https:\/\/portalmidia.net\/index.php\/2023\/08\/21\/cantor-e-baleado-por-garcom-apos-briga-em-quiosque-na-orla-de-joao-pessoa-diz-policia\/","title":{"rendered":"Cantor \u00e9 baleado por gar\u00e7om ap\u00f3s briga em quiosque na orla de Jo\u00e3o Pessoa, diz pol\u00edcia"},"content":{"rendered":"<p style=\"text-align: justify;\">Um cantor que se apresenta em um quiosque na orla de Cabo Branco, em\u00a0<a class=\"\" href=\"https:\/\/g1.globo.com\/pb\/paraiba\/cidade\/joao-pessoa\/\">Jo\u00e3o Pessoa<\/a>, foi baleado por um gar\u00e7om que trabalha no mesmo local, na madrugada deste domingo (20).<\/p>\n<div id=\"chunk-cpf0o\" style=\"text-align: justify;\">\n<div class=\"mc-column content-text active-extra-styles \" data-block-type=\"unstyled\" data-block-weight=\"32\" data-block-id=\"5\">\n<p class=\"content-text__container \" data-track-category=\"Link no Texto\" data-track-links=\"\">Segundo a Pol\u00edcia Militar, v\u00edtima e suspeito estavam bebendo com mais dois colegas de trabalho ap\u00f3s o expediente. Eles teriam discutido enquanto debatiam se sairiam ou n\u00e3o com o carro do patr\u00e3o.<\/p>\n<\/div>\n<\/div>\n<div id=\"chunk-83ci5\" style=\"text-align: justify;\">\n<div class=\"mc-column content-text active-extra-styles \" data-block-type=\"unstyled\" data-block-weight=\"32\" data-block-id=\"6\">\n<p class=\"content-text__container \" data-track-category=\"Link no Texto\" data-track-links=\"\">\u00c0 PM, a v\u00edtima disse que o suspeito tirou a arma dele e atirou. O gar\u00e7om nega. As outras duas pessoas que estavam no local alegam que n\u00e3o viram o que aconteceu.<\/p>\n<\/div>\n<\/div>\n<div id=\"chunk-75mu3\" style=\"text-align: justify;\"><\/div>\n<div id=\"chunk-7el8a\" style=\"text-align: justify;\">\n<div class=\"mc-column content-text active-extra-styles \" data-block-type=\"unstyled\" data-block-weight=\"29\" data-block-id=\"8\">\n<p class=\"content-text__container \" data-track-category=\"Link no Texto\" data-track-links=\"\">De acordo com a Pol\u00edcia Civil, o suspeito \u00e9 natural de Ing\u00e1 e trabalha no quiosque h\u00e1 poucos meses. Ele foi levado para a para a Delegacia de Homic\u00eddios.<\/p>\n<\/div>\n<\/div>\n<div id=\"chunk-8rj4a\" style=\"text-align: justify;\">\n<div class=\"mc-column content-text active-extra-styles \" data-block-type=\"unstyled\" data-block-weight=\"11\" data-block-id=\"9\">\n<p class=\"content-text__container \" data-track-category=\"Link no Texto\" data-track-links=\"\">A v\u00edtima foi socorrida e encaminhada para o Hospital de Trauma.<\/p>\n<\/div>\n<\/div>\n<div id=\"chunk-dv0mo\">\n<div class=\"mc-column content-text active-extra-styles \" data-block-type=\"unstyled\" data-block-weight=\"12\" data-block-id=\"10\">\n<p class=\"content-text__container \" style=\"text-align: justify;\" data-track-category=\"Link no Texto\" data-track-links=\"\">A Pol\u00edcia Civil investiga o caso para entender como o crime aconteceu.<\/p>\n<\/div>\n<\/div>\n<p style=\"text-align: justify;\" data-track-category=\"Link no Texto\" data-track-links=\"\">\n<p data-track-category=\"Link no Texto\" data-track-links=\"\">\n<p data-track-category=\"Link no Texto\" data-track-links=\"\">\n<p data-track-category=\"Link no Texto\" data-track-links=\"\">\n<p data-track-category=\"Link no Texto\" data-track-links=\"\">\n<p data-track-category=\"Link no Texto\" data-track-links=\"\">\n<p data-track-category=\"Link no Texto\" data-track-links=\"\">G1<\/p>\n","protected":false},"excerpt":{"rendered":"<p>Um cantor que se apresenta em um quiosque na orla de Cabo Branco, em\u00a0Jo\u00e3o Pessoa, foi baleado por um gar\u00e7om que trabalha no mesmo local, na madrugada deste domingo (20). Segundo a Pol\u00edcia Militar, v\u00edtima e suspeito estavam bebendo com mais dois colegas de trabalho ap\u00f3s o expediente. Eles teriam discutido enquanto debatiam se sairiam<\/p>\n","protected":false},"author":1,"featured_media":5898,"comment_status":"open","ping_status":"open","sticky":false,"template":"","format":"standard","meta":{"_eb_attr":"","footnotes":""},"categories":[7,2],"tags":[],"class_list":["post-5896","post","type-post","status-publish","format-standard","has-post-thumbnail","hentry","category-destaque","category-policial"],"_links":{"self":[{"href":"https:\/\/portalmidia.net\/index.php\/wp-json\/wp\/v2\/posts\/5896","targetHints":{"allow":["GET"]}}],"collection":[{"href":"https:\/\/portalmidia.net\/index.php\/wp-json\/wp\/v2\/posts"}],"about":[{"href":"https:\/\/portalmidia.net\/index.php\/wp-json\/wp\/v2\/types\/post"}],"author":[{"embeddable":true,"href":"https:\/\/portalmidia.net\/index.php\/wp-json\/wp\/v2\/users\/1"}],"replies":[{"embeddable":true,"href":"https:\/\/portalmidia.net\/index.php\/wp-json\/wp\/v2\/comments?post=5896"}],"version-history":[{"count":0,"href":"https:\/\/portalmidia.net\/index.php\/wp-json\/wp\/v2\/posts\/5896\/revisions"}],"wp:featuredmedia":[{"embeddable":true,"href":"https:\/\/portalmidia.net\/index.php\/wp-json\/wp\/v2\/media\/5898"}],"wp:attachment":[{"href":"https:\/\/portalmidia.net\/index.php\/wp-json\/wp\/v2\/media?parent=5896"}],"wp:term":[{"taxonomy":"category","embeddable":true,"href":"https:\/\/portalmidia.net\/index.php\/wp-json\/wp\/v2\/categories?post=5896"},{"taxonomy":"post_tag","embeddable":true,"href":"https:\/\/portalmidia.net\/index.php\/wp-json\/wp\/v2\/tags?post=5896"}],"curies":[{"name":"wp","href":"https:\/\/api.w.org\/{rel}","templated":true}]}}