 {"id":59330,"date":"2026-03-06T13:37:42","date_gmt":"2026-03-06T16:37:42","guid":{"rendered":"https:\/\/portalmidia.net\/?p=59330"},"modified":"2026-03-06T13:37:42","modified_gmt":"2026-03-06T16:37:42","slug":"cicero-sinaliza-que-apoio-a-lula-em-2026-nao-esta-garantido-e-depende-do-pt-na-paraiba","status":"publish","type":"post","link":"https:\/\/portalmidia.net\/index.php\/2026\/03\/06\/cicero-sinaliza-que-apoio-a-lula-em-2026-nao-esta-garantido-e-depende-do-pt-na-paraiba\/","title":{"rendered":"C\u00edcero sinaliza que apoio a Lula em 2026 n\u00e3o est\u00e1 garantido e depende do PT na Para\u00edba"},"content":{"rendered":"<p>O prefeito de C\u00edcero Lucena (MDB), gestor de Jo\u00e3o Pessoa, afirmou na manh\u00e3 desta sexta-feira (6) que o apoio ao presidente Luiz In\u00e1cio Lula da Silva (PT) nas elei\u00e7\u00f5es de 2026 depender\u00e1 da postura que o Partido dos Trabalhadores adotar\u00e1 na Para\u00edba.<\/p>\n<p>Questionado se manteria o voto em Lula independentemente da decis\u00e3o do partido sobre alian\u00e7as para a disputa ao Governo do Estado, o prefeito indicou que a defini\u00e7\u00e3o ainda n\u00e3o est\u00e1 garantida e depender\u00e1 do comportamento da legenda. A declara\u00e7\u00e3o foi dada ao Blog do Maur\u00edlio J\u00fanior.<\/p>\n<p>\u201cDepende de como o partido vai se comportar. Se querem o nosso voto, vamos conviver. Se n\u00e3o querem, a vida segue\u201d, disse o prefeito.<\/p>\n","protected":false},"excerpt":{"rendered":"<p>O prefeito de C\u00edcero Lucena (MDB), gestor de Jo\u00e3o Pessoa, afirmou na manh\u00e3 desta sexta-feira (6) que o apoio ao presidente Luiz In\u00e1cio Lula da Silva (PT) nas elei\u00e7\u00f5es de 2026 depender\u00e1 da postura que o Partido dos Trabalhadores adotar\u00e1 na Para\u00edba. Questionado se manteria o voto em Lula independentemente da decis\u00e3o do partido sobre<\/p>\n","protected":false},"author":5,"featured_media":59331,"comment_status":"open","ping_status":"open","sticky":false,"template":"","format":"standard","meta":{"_eb_attr":"","footnotes":""},"categories":[3],"tags":[],"class_list":["post-59330","post","type-post","status-publish","format-standard","has-post-thumbnail","hentry","category-politica"],"_links":{"self":[{"href":"https:\/\/portalmidia.net\/index.php\/wp-json\/wp\/v2\/posts\/59330","targetHints":{"allow":["GET"]}}],"collection":[{"href":"https:\/\/portalmidia.net\/index.php\/wp-json\/wp\/v2\/posts"}],"about":[{"href":"https:\/\/portalmidia.net\/index.php\/wp-json\/wp\/v2\/types\/post"}],"author":[{"embeddable":true,"href":"https:\/\/portalmidia.net\/index.php\/wp-json\/wp\/v2\/users\/5"}],"replies":[{"embeddable":true,"href":"https:\/\/portalmidia.net\/index.php\/wp-json\/wp\/v2\/comments?post=59330"}],"version-history":[{"count":1,"href":"https:\/\/portalmidia.net\/index.php\/wp-json\/wp\/v2\/posts\/59330\/revisions"}],"predecessor-version":[{"id":59332,"href":"https:\/\/portalmidia.net\/index.php\/wp-json\/wp\/v2\/posts\/59330\/revisions\/59332"}],"wp:featuredmedia":[{"embeddable":true,"href":"https:\/\/portalmidia.net\/index.php\/wp-json\/wp\/v2\/media\/59331"}],"wp:attachment":[{"href":"https:\/\/portalmidia.net\/index.php\/wp-json\/wp\/v2\/media?parent=59330"}],"wp:term":[{"taxonomy":"category","embeddable":true,"href":"https:\/\/portalmidia.net\/index.php\/wp-json\/wp\/v2\/categories?post=59330"},{"taxonomy":"post_tag","embeddable":true,"href":"https:\/\/portalmidia.net\/index.php\/wp-json\/wp\/v2\/tags?post=59330"}],"curies":[{"name":"wp","href":"https:\/\/api.w.org\/{rel}","templated":true}]}}