 {"id":59333,"date":"2026-03-06T13:40:42","date_gmt":"2026-03-06T16:40:42","guid":{"rendered":"https:\/\/portalmidia.net\/?p=59333"},"modified":"2026-03-06T13:41:06","modified_gmt":"2026-03-06T16:41:06","slug":"cida-ramos-nega-interesse-em-ser-vice-de-lucas-ribeiro-e-diz-que-seu-foco-e-a-reeleicao","status":"publish","type":"post","link":"https:\/\/portalmidia.net\/index.php\/2026\/03\/06\/cida-ramos-nega-interesse-em-ser-vice-de-lucas-ribeiro-e-diz-que-seu-foco-e-a-reeleicao\/","title":{"rendered":"Cida Ramos nega interesse em ser vice de Lucas Ribeiro e diz que seu foco \u00e9 a reelei\u00e7\u00e3o"},"content":{"rendered":"<p>A presidente estadual do Partido dos Trabalhadores (PT) na Para\u00edba, deputada Cida Ramos negou ter\u00a0 interesse em ser vice de Lucas Ribeiro (PP) e disse que seu foco \u00e9 a reelei\u00e7\u00e3o como deputada na Assembleia Legislativa da Para\u00edba (ALPB).<\/p>\n<p>\u201cN\u00e3o est\u00e1 posto ainda, vamos trabalhar em cima de fatos concretos, no caso eu spu candidata a deputada estadual\u201d, disse.<\/p>\n<p>O nome da deputada foi citado pela secret\u00e1ria de Estado do Desenvolvimento Humano\u00a0e pr\u00e9-candidata a deputada federal,\u00a0Pollyanna Werton\u00a0(PSB), como um nome para representar Lula na chapa governista.<\/p>\n<p><img fetchpriority=\"high\" decoding=\"async\" class=\"aligncenter size-large wp-image-59334\" src=\"https:\/\/portalmidia.net\/wp-content\/uploads\/2026\/03\/IMG_0825-600x401.jpeg\" alt=\"\" width=\"600\" height=\"401\" srcset=\"https:\/\/portalmidia.net\/wp-content\/uploads\/2026\/03\/IMG_0825-600x401.jpeg 600w, https:\/\/portalmidia.net\/wp-content\/uploads\/2026\/03\/IMG_0825-300x200.jpeg 300w, https:\/\/portalmidia.net\/wp-content\/uploads\/2026\/03\/IMG_0825-768x513.jpeg 768w, https:\/\/portalmidia.net\/wp-content\/uploads\/2026\/03\/IMG_0825-150x100.jpeg 150w, https:\/\/portalmidia.net\/wp-content\/uploads\/2026\/03\/IMG_0825-330x220.jpeg 330w, https:\/\/portalmidia.net\/wp-content\/uploads\/2026\/03\/IMG_0825-420x280.jpeg 420w, https:\/\/portalmidia.net\/wp-content\/uploads\/2026\/03\/IMG_0825-510x340.jpeg 510w, https:\/\/portalmidia.net\/wp-content\/uploads\/2026\/03\/IMG_0825.jpeg 876w\" sizes=\"(max-width: 600px) 100vw, 600px\" \/>No m\u00eas passado, Pollyanna Werton confirmou sua pr\u00e9-candidatura \u00e0 C\u00e2mara dos Deputados nas elei\u00e7\u00f5es de 2026.<br \/>\nO partido \u00e9 cobi\u00e7ado pelo vice-governador Lucas Ribeiro(PP), que ser\u00e1 candidato pela base governista, e o prefeito de Jo\u00e3o Pessoa, C\u00edcero Lucena (MDB), da oposi\u00e7\u00e3o.<\/p>\n<p><strong> Cida Ramos<\/strong><\/p>\n<p>Maria Aparecida Ramos de Meneses \u00e9 professora e pol\u00edtica brasileira filiada ao Partido dos Trabalhadores. Doutora em Servi\u00e7o Social, foi eleita a deputada estadual mais votada da hist\u00f3ria da Para\u00edba nas elei\u00e7\u00f5es estaduais em 2018, com 56.048 votos.<\/p>\n<p>&nbsp;<\/p>\n<p>Clickpb<\/p>\n","protected":false},"excerpt":{"rendered":"<p>A presidente estadual do Partido dos Trabalhadores (PT) na Para\u00edba, deputada Cida Ramos negou ter\u00a0 interesse em ser vice de Lucas Ribeiro (PP) e disse que seu foco \u00e9 a reelei\u00e7\u00e3o como deputada na Assembleia Legislativa da Para\u00edba (ALPB). \u201cN\u00e3o est\u00e1 posto ainda, vamos trabalhar em cima de fatos concretos, no caso eu spu candidata<\/p>\n","protected":false},"author":5,"featured_media":59335,"comment_status":"open","ping_status":"open","sticky":false,"template":"","format":"standard","meta":{"_eb_attr":"","footnotes":""},"categories":[3],"tags":[],"class_list":["post-59333","post","type-post","status-publish","format-standard","has-post-thumbnail","hentry","category-politica"],"_links":{"self":[{"href":"https:\/\/portalmidia.net\/index.php\/wp-json\/wp\/v2\/posts\/59333","targetHints":{"allow":["GET"]}}],"collection":[{"href":"https:\/\/portalmidia.net\/index.php\/wp-json\/wp\/v2\/posts"}],"about":[{"href":"https:\/\/portalmidia.net\/index.php\/wp-json\/wp\/v2\/types\/post"}],"author":[{"embeddable":true,"href":"https:\/\/portalmidia.net\/index.php\/wp-json\/wp\/v2\/users\/5"}],"replies":[{"embeddable":true,"href":"https:\/\/portalmidia.net\/index.php\/wp-json\/wp\/v2\/comments?post=59333"}],"version-history":[{"count":2,"href":"https:\/\/portalmidia.net\/index.php\/wp-json\/wp\/v2\/posts\/59333\/revisions"}],"predecessor-version":[{"id":59337,"href":"https:\/\/portalmidia.net\/index.php\/wp-json\/wp\/v2\/posts\/59333\/revisions\/59337"}],"wp:featuredmedia":[{"embeddable":true,"href":"https:\/\/portalmidia.net\/index.php\/wp-json\/wp\/v2\/media\/59335"}],"wp:attachment":[{"href":"https:\/\/portalmidia.net\/index.php\/wp-json\/wp\/v2\/media?parent=59333"}],"wp:term":[{"taxonomy":"category","embeddable":true,"href":"https:\/\/portalmidia.net\/index.php\/wp-json\/wp\/v2\/categories?post=59333"},{"taxonomy":"post_tag","embeddable":true,"href":"https:\/\/portalmidia.net\/index.php\/wp-json\/wp\/v2\/tags?post=59333"}],"curies":[{"name":"wp","href":"https:\/\/api.w.org\/{rel}","templated":true}]}}