 {"id":5977,"date":"2023-08-21T16:28:11","date_gmt":"2023-08-21T19:28:11","guid":{"rendered":"https:\/\/portalmidia.net\/?p=5977"},"modified":"2023-08-21T16:28:11","modified_gmt":"2023-08-21T19:28:11","slug":"joao-azevedo-recebe-forum-que-reune-os-partidos-de-esquerda-em-campina-grande","status":"publish","type":"post","link":"https:\/\/portalmidia.net\/index.php\/2023\/08\/21\/joao-azevedo-recebe-forum-que-reune-os-partidos-de-esquerda-em-campina-grande\/","title":{"rendered":"Jo\u00e3o Azev\u00eado recebe F\u00f3rum que re\u00fane os partidos de esquerda em Campina Grande"},"content":{"rendered":"<p style=\"text-align: justify;\">O governador Jo\u00e3o Azev\u00eado (PSB) recebeu, nesta segunda-feira (21), o F\u00f3rum Pr\u00f3- Campina, que re\u00fane os partidos de esquerda na cidade, ocasi\u00e3o em que destacou as a\u00e7\u00f5es do Governo do Estado no munic\u00edpio, que tem recebido investimentos que ultrapassam R$ 1,3 bilh\u00e3o. No encontro, o gestor estadual tamb\u00e9m discutiu a conjuntura pol\u00edtica da cidade e a import\u00e2ncia da uni\u00e3o das for\u00e7as da oposi\u00e7\u00e3o.<\/p>\n<p style=\"text-align: justify;\">Na oportunidade, Jo\u00e3o Azev\u00eado ressaltou a presen\u00e7a do governo em Campina Grande com obras e pol\u00edticas p\u00fablicas que t\u00eam melhorado a qualidade de vida da popula\u00e7\u00e3o. \u201cTemos feito a\u00e7\u00f5es importantes na sa\u00fade, com aquisi\u00e7\u00e3o de equipamentos e amplia\u00e7\u00e3o dos atendimentos no Trauma e no Hospital de Cl\u00ednicas, a constru\u00e7\u00e3o do Centro de Conven\u00e7\u00f5es, obras de infraestrutura, a exemplo do Arco Metropolitano, na educa\u00e7\u00e3o e, em breve, faremos an\u00fancios de novas obras no munic\u00edpio\u201d, comentou.<\/p>\n<p style=\"text-align: justify;\">O presidente municipal do PT, Hermano Nepomuceno, destacou a import\u00e2ncia do di\u00e1logo com o governador Jo\u00e3o Azev\u00eado. \u201cTivemos uma reuni\u00e3o extremamente proveitosa porque tanto discutimos a quest\u00e3o pol\u00edtica, o que \u00e9 muito importante para termos um di\u00e1logo constante e sistem\u00e1tico com o governador, bem como as a\u00e7\u00f5es administrativas e as pol\u00edticas p\u00fablicas implementadas pelo Estado no munic\u00edpio e tamb\u00e9m parabenizamos pelo sucesso da Para\u00edba no PAC, em que o estado conseguiu onze novas obras estruturantes e, em breve, vamos fazer uma reuni\u00e3o em Campina Grande com todo o campo democr\u00e1tico para defendermos um programa de recupera\u00e7\u00e3o do desenvolvimento econ\u00f4mico-social da cidade\u201d, avaliou.<\/p>\n<p style=\"text-align: justify;\">O F\u00f3rum Pr\u00f3-Campina \u00e9 composto pelo PT, PCdoB, PV, Psol, PDT, PMN, Rede e PSB, al\u00e9m de representantes de centrais sindicais e movimentos sociais.<\/p>\n<p><img fetchpriority=\"high\" decoding=\"async\" class=\"aligncenter size-large wp-image-5979\" src=\"https:\/\/portalmidia.net\/wp-content\/uploads\/2023\/08\/WhatsApp-Image-2023-08-21-at-14.33.22-2-1024x566.jpeg\" alt=\"\" width=\"640\" height=\"354\" srcset=\"https:\/\/portalmidia.net\/wp-content\/uploads\/2023\/08\/WhatsApp-Image-2023-08-21-at-14.33.22-2-1024x566.jpeg 1024w, https:\/\/portalmidia.net\/wp-content\/uploads\/2023\/08\/WhatsApp-Image-2023-08-21-at-14.33.22-2-300x166.jpeg 300w, https:\/\/portalmidia.net\/wp-content\/uploads\/2023\/08\/WhatsApp-Image-2023-08-21-at-14.33.22-2-768x424.jpeg 768w, https:\/\/portalmidia.net\/wp-content\/uploads\/2023\/08\/WhatsApp-Image-2023-08-21-at-14.33.22-2-1536x849.jpeg 1536w, https:\/\/portalmidia.net\/wp-content\/uploads\/2023\/08\/WhatsApp-Image-2023-08-21-at-14.33.22-2-600x332.jpeg 600w, https:\/\/portalmidia.net\/wp-content\/uploads\/2023\/08\/WhatsApp-Image-2023-08-21-at-14.33.22-2.jpeg 1600w\" sizes=\"(max-width: 640px) 100vw, 640px\" \/> <img decoding=\"async\" class=\"aligncenter size-large wp-image-5980\" src=\"https:\/\/portalmidia.net\/wp-content\/uploads\/2023\/08\/WhatsApp-Image-2023-08-21-at-14.33.22-1-1024x566.jpeg\" alt=\"\" width=\"640\" height=\"354\" srcset=\"https:\/\/portalmidia.net\/wp-content\/uploads\/2023\/08\/WhatsApp-Image-2023-08-21-at-14.33.22-1-1024x566.jpeg 1024w, https:\/\/portalmidia.net\/wp-content\/uploads\/2023\/08\/WhatsApp-Image-2023-08-21-at-14.33.22-1-300x166.jpeg 300w, https:\/\/portalmidia.net\/wp-content\/uploads\/2023\/08\/WhatsApp-Image-2023-08-21-at-14.33.22-1-768x424.jpeg 768w, https:\/\/portalmidia.net\/wp-content\/uploads\/2023\/08\/WhatsApp-Image-2023-08-21-at-14.33.22-1-1536x849.jpeg 1536w, https:\/\/portalmidia.net\/wp-content\/uploads\/2023\/08\/WhatsApp-Image-2023-08-21-at-14.33.22-1-600x332.jpeg 600w, https:\/\/portalmidia.net\/wp-content\/uploads\/2023\/08\/WhatsApp-Image-2023-08-21-at-14.33.22-1.jpeg 1600w\" sizes=\"(max-width: 640px) 100vw, 640px\" \/> <img decoding=\"async\" class=\"aligncenter size-large wp-image-5981\" src=\"https:\/\/portalmidia.net\/wp-content\/uploads\/2023\/08\/WhatsApp-Image-2023-08-21-at-14.33.22-1024x593.jpeg\" alt=\"\" width=\"640\" height=\"371\" srcset=\"https:\/\/portalmidia.net\/wp-content\/uploads\/2023\/08\/WhatsApp-Image-2023-08-21-at-14.33.22-1024x593.jpeg 1024w, https:\/\/portalmidia.net\/wp-content\/uploads\/2023\/08\/WhatsApp-Image-2023-08-21-at-14.33.22-300x174.jpeg 300w, https:\/\/portalmidia.net\/wp-content\/uploads\/2023\/08\/WhatsApp-Image-2023-08-21-at-14.33.22-768x444.jpeg 768w, https:\/\/portalmidia.net\/wp-content\/uploads\/2023\/08\/WhatsApp-Image-2023-08-21-at-14.33.22-1536x889.jpeg 1536w, https:\/\/portalmidia.net\/wp-content\/uploads\/2023\/08\/WhatsApp-Image-2023-08-21-at-14.33.22-600x347.jpeg 600w, https:\/\/portalmidia.net\/wp-content\/uploads\/2023\/08\/WhatsApp-Image-2023-08-21-at-14.33.22.jpeg 1595w\" sizes=\"(max-width: 640px) 100vw, 640px\" \/><\/p>\n","protected":false},"excerpt":{"rendered":"<p>O governador Jo\u00e3o Azev\u00eado (PSB) recebeu, nesta segunda-feira (21), o F\u00f3rum Pr\u00f3- Campina, que re\u00fane os partidos de esquerda na cidade, ocasi\u00e3o em que destacou as a\u00e7\u00f5es do Governo do Estado no munic\u00edpio, que tem recebido investimentos que ultrapassam R$ 1,3 bilh\u00e3o. No encontro, o gestor estadual tamb\u00e9m discutiu a conjuntura pol\u00edtica da cidade e<\/p>\n","protected":false},"author":1,"featured_media":5979,"comment_status":"open","ping_status":"open","sticky":false,"template":"","format":"standard","meta":{"_eb_attr":"","footnotes":""},"categories":[7,3],"tags":[],"class_list":["post-5977","post","type-post","status-publish","format-standard","has-post-thumbnail","hentry","category-destaque","category-politica"],"_links":{"self":[{"href":"https:\/\/portalmidia.net\/index.php\/wp-json\/wp\/v2\/posts\/5977","targetHints":{"allow":["GET"]}}],"collection":[{"href":"https:\/\/portalmidia.net\/index.php\/wp-json\/wp\/v2\/posts"}],"about":[{"href":"https:\/\/portalmidia.net\/index.php\/wp-json\/wp\/v2\/types\/post"}],"author":[{"embeddable":true,"href":"https:\/\/portalmidia.net\/index.php\/wp-json\/wp\/v2\/users\/1"}],"replies":[{"embeddable":true,"href":"https:\/\/portalmidia.net\/index.php\/wp-json\/wp\/v2\/comments?post=5977"}],"version-history":[{"count":0,"href":"https:\/\/portalmidia.net\/index.php\/wp-json\/wp\/v2\/posts\/5977\/revisions"}],"wp:featuredmedia":[{"embeddable":true,"href":"https:\/\/portalmidia.net\/index.php\/wp-json\/wp\/v2\/media\/5979"}],"wp:attachment":[{"href":"https:\/\/portalmidia.net\/index.php\/wp-json\/wp\/v2\/media?parent=5977"}],"wp:term":[{"taxonomy":"category","embeddable":true,"href":"https:\/\/portalmidia.net\/index.php\/wp-json\/wp\/v2\/categories?post=5977"},{"taxonomy":"post_tag","embeddable":true,"href":"https:\/\/portalmidia.net\/index.php\/wp-json\/wp\/v2\/tags?post=5977"}],"curies":[{"name":"wp","href":"https:\/\/api.w.org\/{rel}","templated":true}]}}