 {"id":5983,"date":"2023-08-21T16:29:25","date_gmt":"2023-08-21T19:29:25","guid":{"rendered":"https:\/\/portalmidia.net\/?p=5983"},"modified":"2023-08-21T16:29:25","modified_gmt":"2023-08-21T19:29:25","slug":"joao-azevedo-anuncia-pagamento-de-desoneracao-do-extra-adicional-de-inatividade-e-data-de-convocacao-da-segunda-turma-de-concursados-da-policia-civil","status":"publish","type":"post","link":"https:\/\/portalmidia.net\/index.php\/2023\/08\/21\/joao-azevedo-anuncia-pagamento-de-desoneracao-do-extra-adicional-de-inatividade-e-data-de-convocacao-da-segunda-turma-de-concursados-da-policia-civil\/","title":{"rendered":"Jo\u00e3o Azev\u00eado anuncia pagamento de desonera\u00e7\u00e3o do extra, adicional de inatividade e data de convoca\u00e7\u00e3o da segunda turma de concursados da Pol\u00edcia Civil"},"content":{"rendered":"<p style=\"text-align: justify;\">O governador Jo\u00e3o Azev\u00eado anunciou, nesta segunda-feira (21), no programa semanal \u2018Conversa com o Governador\u2019, transmitido em cadeia estadual pela R\u00e1dio Tabajara,\u00a0\u00a0o pagamento da desonera\u00e7\u00e3o do extra das For\u00e7as de Seguran\u00e7a, que compreendem as Pol\u00edcias Militar, Civil, Penal e Corpo de Bombeiros, e do adicional de inatividade de 20% aos coron\u00e9is da Pol\u00edcia Militar, atendendo reivindica\u00e7\u00f5es dos servidores.<\/p>\n<p style=\"text-align: justify;\">\u201cN\u00f3s j\u00e1 assinamos e estamos enviando nesta ter\u00e7a-feira para a Assembleia Legislativa o Projeto de Lei de desonera\u00e7\u00e3o do extra, em que transforma a hora extra trabalhada pelos policiais em ajuda de custo operacional, que vai desonerar todo o desconto com rela\u00e7\u00e3o ao imposto de renda\u201d, explicou o chefe do Executivo Estadual ao complementar que o pagamento ser\u00e1 efetuado no m\u00eas seguinte ap\u00f3s aprova\u00e7\u00e3o da mat\u00e9ria pelo Poder Legislativo.<\/p>\n<p style=\"text-align: justify;\">Ele tamb\u00e9m destacou mais uma reivindica\u00e7\u00e3o atendida pelo governo com o pagamento do adicional de inatividade aos coron\u00e9is. \u201cQuando um oficial vai para a reserva, fica com uma patente acima. No caso do coronel, isso n\u00e3o acontece porque n\u00e3o existe uma patente maior e vamos conceder essa remunera\u00e7\u00e3o de 20% em cima de todo o vencimento a partir do m\u00eas de setembro atrav\u00e9s de decreto\u201d, acrescentou.<\/p>\n<p style=\"text-align: justify;\">Na oportunidade, o chefe do Executivo estadual tamb\u00e9m parabenizou a Pol\u00edcia Civil da Para\u00edba pelos 42 anos da institui\u00e7\u00e3o e anunciou para o dia 26 de setembro a data da formatura da primeira turma de concursados. O evento ser\u00e1 realizado no Centro de Conven\u00e7\u00f5es de Jo\u00e3o Pessoa. J\u00e1 a convoca\u00e7\u00e3o da segunda turma de concursados da Pol\u00edcia Civil ser\u00e1 realizada no dia 2 de outubro e a aula inaugural foi marcada para o dia 13 de novembro.<\/p>\n<p style=\"text-align: justify;\">O governador ainda fez um balan\u00e7o das a\u00e7\u00f5es do governo para fortalecer a institui\u00e7\u00e3o e valorizar os servidores. \u201cPromovemos mais de 1.900 homens e mulheres da Pol\u00edcia Civil, realizamos o maior concurso p\u00fablico da hist\u00f3ria da corpora\u00e7\u00e3o, com 1.400 vagas, fazemos grandes investimentos em tecnologia, armamentos, renova\u00e7\u00e3o de frota, cria\u00e7\u00e3o de novas delegacias, al\u00e9m da reestrutura\u00e7\u00e3o organizacional da institui\u00e7\u00e3o com a autonomia pol\u00edtico-administrativa e Plano de Cargos, Carreira e Remunera\u00e7\u00e3o &#8211; o PCCR\u201d, elencou.<\/p>\n<p style=\"text-align: justify;\">Por fim, Jo\u00e3o Azev\u00eado agradeceu o empenho de todos os integrantes das For\u00e7as de Seguran\u00e7a que fizerem a Para\u00edba reduzir em 22,4% o n\u00famero de homic\u00eddios no primeiro semestre de 2023. \u201cIsso \u00e9 fruto do trabalho dos homens e mulheres que oferecem essa seguran\u00e7a a nossa popula\u00e7\u00e3o, al\u00e9m dos investimentos que o governo faz em tecnologia, a exemplo dos Centros Integrados de Comando e Controle, onde investimos cerca de R$ 140 milh\u00f5es, e celebramos esses avan\u00e7os significativos\u201d, finalizou.<\/p>\n","protected":false},"excerpt":{"rendered":"<p>O governador Jo\u00e3o Azev\u00eado anunciou, nesta segunda-feira (21), no programa semanal \u2018Conversa com o Governador\u2019, transmitido em cadeia estadual pela R\u00e1dio Tabajara,\u00a0\u00a0o pagamento da desonera\u00e7\u00e3o do extra das For\u00e7as de Seguran\u00e7a, que compreendem as Pol\u00edcias Militar, Civil, Penal e Corpo de Bombeiros, e do adicional de inatividade de 20% aos coron\u00e9is da Pol\u00edcia Militar, atendendo<\/p>\n","protected":false},"author":1,"featured_media":5985,"comment_status":"open","ping_status":"open","sticky":false,"template":"","format":"standard","meta":{"_eb_attr":"","footnotes":""},"categories":[7,3],"tags":[],"class_list":["post-5983","post","type-post","status-publish","format-standard","has-post-thumbnail","hentry","category-destaque","category-politica"],"_links":{"self":[{"href":"https:\/\/portalmidia.net\/index.php\/wp-json\/wp\/v2\/posts\/5983","targetHints":{"allow":["GET"]}}],"collection":[{"href":"https:\/\/portalmidia.net\/index.php\/wp-json\/wp\/v2\/posts"}],"about":[{"href":"https:\/\/portalmidia.net\/index.php\/wp-json\/wp\/v2\/types\/post"}],"author":[{"embeddable":true,"href":"https:\/\/portalmidia.net\/index.php\/wp-json\/wp\/v2\/users\/1"}],"replies":[{"embeddable":true,"href":"https:\/\/portalmidia.net\/index.php\/wp-json\/wp\/v2\/comments?post=5983"}],"version-history":[{"count":0,"href":"https:\/\/portalmidia.net\/index.php\/wp-json\/wp\/v2\/posts\/5983\/revisions"}],"wp:featuredmedia":[{"embeddable":true,"href":"https:\/\/portalmidia.net\/index.php\/wp-json\/wp\/v2\/media\/5985"}],"wp:attachment":[{"href":"https:\/\/portalmidia.net\/index.php\/wp-json\/wp\/v2\/media?parent=5983"}],"wp:term":[{"taxonomy":"category","embeddable":true,"href":"https:\/\/portalmidia.net\/index.php\/wp-json\/wp\/v2\/categories?post=5983"},{"taxonomy":"post_tag","embeddable":true,"href":"https:\/\/portalmidia.net\/index.php\/wp-json\/wp\/v2\/tags?post=5983"}],"curies":[{"name":"wp","href":"https:\/\/api.w.org\/{rel}","templated":true}]}}