 {"id":59833,"date":"2026-03-26T07:55:41","date_gmt":"2026-03-26T10:55:41","guid":{"rendered":"https:\/\/portalmidia.net\/?p=59833"},"modified":"2026-03-26T07:55:50","modified_gmt":"2026-03-26T10:55:50","slug":"pesquisa-pb-agora-anova-aponta-cicero-a-frente-com-lucas-ribeiro-consolidado-na-disputa-pelo-governo-da-pb-veja-numeros","status":"publish","type":"post","link":"https:\/\/portalmidia.net\/index.php\/2026\/03\/26\/pesquisa-pb-agora-anova-aponta-cicero-a-frente-com-lucas-ribeiro-consolidado-na-disputa-pelo-governo-da-pb-veja-numeros\/","title":{"rendered":"Pesquisa PB Agora\/Anova aponta C\u00edcero \u00e0 frente, com Lucas Ribeiro consolidado na disputa pelo Governo da PB; veja n\u00fameros"},"content":{"rendered":"<p>A mais recente pesquisa do Instituto Anova, em parceria com o portal PB Agora, divulgada nesta quinta-feira (26), apontou a manuten\u00e7\u00e3o do prefeito de Jo\u00e3o Pessoa, C\u00edcero Lucena (MDB), na lideran\u00e7a da disputa pelo Governo da Para\u00edba.<\/p>\n<p>No cen\u00e1rio estimulado, quando os nomes dos pr\u00e9-candidatos s\u00e3o apresentados aos entrevistados, C\u00edcero aparece com 32,0% das inten\u00e7\u00f5es de voto, abrindo vantagem significativa sobre o segundo colocado, o vice-governador Lucas Ribeiro (PP), que registra 20,6%. Em terceiro lugar surge o senador Efraim Filho (Uni\u00e3o Brasil), com 12,6%.<\/p>\n<p>Mais atr\u00e1s, o pr\u00e9-candidato L\u00facio Fl\u00e1vio pontua 0,8%, enquanto Ol\u00edmpio Rocha aparece com 0,7% das inten\u00e7\u00f5es de voto. O \u00edndice de eleitores que ainda n\u00e3o sabem em quem votar \u00e9 elevado e chega a 20,5%, enquanto 12,8% afirmaram que pretendem votar em branco ou anular o voto.<\/p>\n<p>Quando o nome de Lucas Ribeiro \u00e9 retirado do cen\u00e1rio, a lideran\u00e7a de C\u00edcero se amplia. O prefeito de Jo\u00e3o Pessoa alcan\u00e7a 37,3%, enquanto Efraim Filho sobe para 16,8%. Nesse recorte, os indecisos passam a representar 24,2%, e os votos brancos ou nulos somam 21,7%.<\/p>\n<p>Em uma simula\u00e7\u00e3o sem o senador Efraim Filho, C\u00edcero mant\u00e9m folga confort\u00e1vel, com 35,8%, seguido por Lucas Ribeiro, que aparece com 23,3%. J\u00e1 os indecisos chegam a 20,9%, e 20,0% dos entrevistados optariam por branco ou nulo.<\/p>\n<p>J\u00e1 em uma disputa direta com L\u00facio Fl\u00e1vio, C\u00edcero alcan\u00e7a 40,8% das inten\u00e7\u00f5es de voto, enquanto o advers\u00e1rio registra apenas 3.,6%. Os indecisos representam 27,4%, e os votos brancos ou nulos chegam a 28,2%.<\/p>\n<p>O cen\u00e1rio mais favor\u00e1vel ao prefeito da capital, no entanto, ocorre em um confronto direto com Ol\u00edmpio Rocha. Nessa disputa, C\u00edcero atinge 41,3% das inten\u00e7\u00f5es de voto, enquanto Ol\u00edmpio pontua apenas com 2,8%. Os indecisos representam 27,4%, e os votos brancos ou nulos chegam a 28,1%.<\/p>\n<p><strong>Pesquisa espont\u00e2nea<\/strong><\/p>\n<p>Na pesquisa espont\u00e2nea, quando o eleitor responde sem a apresenta\u00e7\u00e3o pr\u00e9via de nomes, C\u00edcero Lucena tamb\u00e9m lidera, mas com uma pontua\u00e7\u00e3o mais singela, sendo citado por 14,0% dos entrevistados. Lucas Ribeiro aparece com 9,5%, seguido por Jo\u00e3o Azev\u00eado, que foi lembrado por 6,4%. Nessa aferi\u00e7\u00e3o, o senador Efraim pontuou com 3.9%; o senador Veneziano foi citado por 0,3% e o ex-deputado Pedro lembrado por 0,2%.<\/p>\n<p>O percentual de indecisos permanece alto, chegando a 55,1%, enquanto 10,6% declararam voto branco ou nulo.<\/p>\n<p><strong>Dados t\u00e9cnicos<\/strong><\/p>\n<p>A pesquisa Anova\/PB Agora ouviu 2.000 eleitores, com idade a partir de 16 anos, em 70 munic\u00edpios da Para\u00edba, entre os dias 19,20 e 21 de mar\u00e7o de 2026. O levantamento possui n\u00edvel de confian\u00e7a de 95% e margem de erro de 2,2 pontos percentuais, para mais ou para menos.<\/p>\n<p>A pesquisa foi registrada no Tribunal Regional Eleitoral da Para\u00edba (TRE-PB) e no Tribunal Superior Eleitoral (TSE) no dia 20 de mar\u00e7o de 2026, sob os protocolos PB-00155\/2026 e BR-07814\/2026.<\/p>\n<p>PB Agora<\/p>\n","protected":false},"excerpt":{"rendered":"<p>A mais recente pesquisa do Instituto Anova, em parceria com o portal PB Agora, divulgada nesta quinta-feira (26), apontou a manuten\u00e7\u00e3o do prefeito de Jo\u00e3o Pessoa, C\u00edcero Lucena (MDB), na lideran\u00e7a da disputa pelo Governo da Para\u00edba. No cen\u00e1rio estimulado, quando os nomes dos pr\u00e9-candidatos s\u00e3o apresentados aos entrevistados, C\u00edcero aparece com 32,0% das inten\u00e7\u00f5es<\/p>\n","protected":false},"author":5,"featured_media":59834,"comment_status":"open","ping_status":"open","sticky":false,"template":"","format":"standard","meta":{"_eb_attr":"","footnotes":""},"categories":[7,3],"tags":[],"class_list":["post-59833","post","type-post","status-publish","format-standard","has-post-thumbnail","hentry","category-destaque","category-politica"],"_links":{"self":[{"href":"https:\/\/portalmidia.net\/index.php\/wp-json\/wp\/v2\/posts\/59833","targetHints":{"allow":["GET"]}}],"collection":[{"href":"https:\/\/portalmidia.net\/index.php\/wp-json\/wp\/v2\/posts"}],"about":[{"href":"https:\/\/portalmidia.net\/index.php\/wp-json\/wp\/v2\/types\/post"}],"author":[{"embeddable":true,"href":"https:\/\/portalmidia.net\/index.php\/wp-json\/wp\/v2\/users\/5"}],"replies":[{"embeddable":true,"href":"https:\/\/portalmidia.net\/index.php\/wp-json\/wp\/v2\/comments?post=59833"}],"version-history":[{"count":1,"href":"https:\/\/portalmidia.net\/index.php\/wp-json\/wp\/v2\/posts\/59833\/revisions"}],"predecessor-version":[{"id":59835,"href":"https:\/\/portalmidia.net\/index.php\/wp-json\/wp\/v2\/posts\/59833\/revisions\/59835"}],"wp:featuredmedia":[{"embeddable":true,"href":"https:\/\/portalmidia.net\/index.php\/wp-json\/wp\/v2\/media\/59834"}],"wp:attachment":[{"href":"https:\/\/portalmidia.net\/index.php\/wp-json\/wp\/v2\/media?parent=59833"}],"wp:term":[{"taxonomy":"category","embeddable":true,"href":"https:\/\/portalmidia.net\/index.php\/wp-json\/wp\/v2\/categories?post=59833"},{"taxonomy":"post_tag","embeddable":true,"href":"https:\/\/portalmidia.net\/index.php\/wp-json\/wp\/v2\/tags?post=59833"}],"curies":[{"name":"wp","href":"https:\/\/api.w.org\/{rel}","templated":true}]}}