 {"id":60290,"date":"2026-04-24T23:45:04","date_gmt":"2026-04-25T02:45:04","guid":{"rendered":"https:\/\/portalmidia.net\/?p=60290"},"modified":"2026-04-24T23:45:04","modified_gmt":"2026-04-25T02:45:04","slug":"prefeitas-empreendedoras-e-liderancas-femininas-debatem-politicas-publicas-e-inovacao-no-convergencia-2026","status":"publish","type":"post","link":"https:\/\/portalmidia.net\/index.php\/2026\/04\/24\/prefeitas-empreendedoras-e-liderancas-femininas-debatem-politicas-publicas-e-inovacao-no-convergencia-2026\/","title":{"rendered":"Prefeitas, empreendedoras e lideran\u00e7as femininas debatem pol\u00edticas p\u00fablicas e inova\u00e7\u00e3o no Converg\u00eancia 2026"},"content":{"rendered":"<p>Prefeitas paraibanas, empreendedoras e mulheres atuantes no setor de tecnologia participaram, nesta quinta-feira (23), do Converg\u00eancia 2026, evento realizado no Intermares Hall, que reuniu lideran\u00e7as femininas com o objetivo de debater pol\u00edtica, empreendedorismo e inova\u00e7\u00e3o, al\u00e9m de promover um ambiente de troca de experi\u00eancias, forma\u00e7\u00e3o e fortalecimento coletivo.<\/p>\n<p><img fetchpriority=\"high\" decoding=\"async\" class=\"aligncenter size-large wp-image-60292\" src=\"https:\/\/portalmidia.net\/wp-content\/uploads\/2026\/04\/IMG_2507-600x343.jpeg\" alt=\"\" width=\"600\" height=\"343\" srcset=\"https:\/\/portalmidia.net\/wp-content\/uploads\/2026\/04\/IMG_2507-600x343.jpeg 600w, https:\/\/portalmidia.net\/wp-content\/uploads\/2026\/04\/IMG_2507-300x172.jpeg 300w, https:\/\/portalmidia.net\/wp-content\/uploads\/2026\/04\/IMG_2507-768x439.jpeg 768w, https:\/\/portalmidia.net\/wp-content\/uploads\/2026\/04\/IMG_2507.jpeg 1280w\" sizes=\"(max-width: 600px) 100vw, 600px\" \/>Com uma programa\u00e7\u00e3o estruturada em tr\u00eas eixos principais, Prefeitas do Futuro, Empreender &#8211; Verbo Feminino e Mulher Tech Sim Senhor!, o encontro consolidou-se como um espa\u00e7o estrat\u00e9gico de articula\u00e7\u00e3o entre mulheres que lideram processos de transforma\u00e7\u00e3o tanto no setor p\u00fablico quanto no privado.<\/p>\n<p>Durante todo o dia, as participantes acompanharam debates e pain\u00e9is simult\u00e2neos. Um dos destaques foi a participa\u00e7\u00e3o de Rachel Maia, que, na Arena Prefeitas do Futuro, abordou a rela\u00e7\u00e3o entre empreendedorismo, pol\u00edticas p\u00fablicas e tecnologia como pilares essenciais para o desenvolvimento sustent\u00e1vel.<\/p>\n<p>A presidente do Movimento Mulheres Municipalistas (MMM) e prefeita de Bom Jesus, Denise Bayma, destacou a relev\u00e2ncia do encontro para o fortalecimento da presen\u00e7a feminina na pol\u00edtica. \u201cEsse evento mostra a for\u00e7a das mulheres municipalistas e a import\u00e2ncia de estarmos unidas, trocando experi\u00eancias e construindo pol\u00edticas p\u00fablicas mais inclusivas. O Movimento Mulheres Municipalistas segue firme no apoio a todas as mulheres, incentivando cada vez mais a participa\u00e7\u00e3o feminina nos espa\u00e7os de decis\u00e3o\u201d, afirmou.<\/p>\n<p>Representando a Federa\u00e7\u00e3o das Associa\u00e7\u00f5es de Munic\u00edpios da Para\u00edba (Famup), Maria Rodrigues ressaltou os desafios enfrentados pelas mulheres na gest\u00e3o p\u00fablica. \u201cAs mulheres ainda enfrentam muitas barreiras, mas eventos como este mostram a nossa for\u00e7a e capacidade de lideran\u00e7a. Estamos ocupando espa\u00e7os e mostrando que somos fundamentais para a constru\u00e7\u00e3o de pol\u00edticas p\u00fablicas mais justas e eficientes\u201d, pontuou.<\/p>\n<p>A CEO da Tr\u00easB\u00ea Delas, Thayane Belchior, celebrou o sucesso da iniciativa. Ela foi a respons\u00e1vel e idealizadora do movimento Converg\u00eancia 2026, buscando o apoio da Famup para garantir o sucesso e a participa\u00e7\u00e3o de prefeitas de seis estados brasileiros. \u201cO Converg\u00eancia 2026 superou expectativas. Conseguimos reunir mulheres incr\u00edveis de diferentes \u00e1reas, criando conex\u00f5es reais e fortalecendo uma rede que continuar\u00e1 gerando impacto muito al\u00e9m do evento\u201d, destacou.<\/p>\n<p>J\u00e1 o presidente da Famup, George Coelho, enfatizou a import\u00e2ncia institucional do encontro. \u201cEsse evento \u00e9 fundamental para incentivar a participa\u00e7\u00e3o feminina na pol\u00edtica e na gest\u00e3o p\u00fablica. A Famup apoia iniciativas como essa porque acredita que a presen\u00e7a das mulheres fortalece os munic\u00edpios e contribui para uma gest\u00e3o mais eficiente e sens\u00edvel \u00e0s necessidades da popula\u00e7\u00e3o\u201d, afirmou.<\/p>\n<p>O Converg\u00eancia 2026 foi realizado por uma articula\u00e7\u00e3o entre Tr\u00easB\u00ea Delas, Famup, Ilha Tech, Mulher Tech Sim Senhor, Federa\u00e7\u00e3o dos Munic\u00edpios do Rio Grande do Norte (FEMURN), Uni\u00e3o dos Munic\u00edpios da Bahia (UPB), Frente Parlamentar pela Mulher Empreendedora e a Secretaria de Turismo e Desenvolvimento Econ\u00f4mico da Para\u00edba.<\/p>\n<p>O evento tamb\u00e9m contou com a presen\u00e7a da primeira-dama da Para\u00edba, Camila Mariz Ribeiro; Mariane G\u00f3es, Secret\u00e1ria de Estado do Trabalho e Desenvolvimento Econ\u00f4mico; Renato de Andrade, Secret\u00e1rio-adjunto do Minist\u00e9rio de Empreendedorismo, Microempresa e Empresa de Pequeno Porte; al\u00e9m de lideran\u00e7as como Marina Cartaxo, CEO Ilha Tech Bras\u00edlia; Vanessa Dantas, Cofundadora do Mulher Tech Sim Senhor; Fabr\u00edcio Feitosa, Superintendente do Empreender-PB; Isabelle Carneiro, Agente de Desenvolvimento do Banco do Nordeste; Marina Trindade, representante da FEMURN; e Humara Medeiros, Gerente de Educa\u00e7\u00e3o Empreendedora do Sebrae-PB.<\/p>\n<p>Thayane Belchior afirmou ainda que ao reunir mulheres de diversas frentes de lideran\u00e7a, o Converg\u00eancia 2026 reafirma seu papel como um importante espa\u00e7o de forma\u00e7\u00e3o, conex\u00e3o e fortalecimento de redes, impulsionando a participa\u00e7\u00e3o feminina na pol\u00edtica, no empreendedorismo e na tecnologia.<\/p>\n","protected":false},"excerpt":{"rendered":"<p>Prefeitas paraibanas, empreendedoras e mulheres atuantes no setor de tecnologia participaram, nesta quinta-feira (23), do Converg\u00eancia 2026, evento realizado no Intermares Hall, que reuniu lideran\u00e7as femininas com o objetivo de debater pol\u00edtica, empreendedorismo e inova\u00e7\u00e3o, al\u00e9m de promover um ambiente de troca de experi\u00eancias, forma\u00e7\u00e3o e fortalecimento coletivo. Com uma programa\u00e7\u00e3o estruturada em tr\u00eas eixos<\/p>\n","protected":false},"author":5,"featured_media":60291,"comment_status":"open","ping_status":"open","sticky":false,"template":"","format":"standard","meta":{"_eb_attr":"","footnotes":""},"categories":[7,8,3],"tags":[],"class_list":["post-60290","post","type-post","status-publish","format-standard","has-post-thumbnail","hentry","category-destaque","category-economia","category-politica"],"_links":{"self":[{"href":"https:\/\/portalmidia.net\/index.php\/wp-json\/wp\/v2\/posts\/60290","targetHints":{"allow":["GET"]}}],"collection":[{"href":"https:\/\/portalmidia.net\/index.php\/wp-json\/wp\/v2\/posts"}],"about":[{"href":"https:\/\/portalmidia.net\/index.php\/wp-json\/wp\/v2\/types\/post"}],"author":[{"embeddable":true,"href":"https:\/\/portalmidia.net\/index.php\/wp-json\/wp\/v2\/users\/5"}],"replies":[{"embeddable":true,"href":"https:\/\/portalmidia.net\/index.php\/wp-json\/wp\/v2\/comments?post=60290"}],"version-history":[{"count":1,"href":"https:\/\/portalmidia.net\/index.php\/wp-json\/wp\/v2\/posts\/60290\/revisions"}],"predecessor-version":[{"id":60293,"href":"https:\/\/portalmidia.net\/index.php\/wp-json\/wp\/v2\/posts\/60290\/revisions\/60293"}],"wp:featuredmedia":[{"embeddable":true,"href":"https:\/\/portalmidia.net\/index.php\/wp-json\/wp\/v2\/media\/60291"}],"wp:attachment":[{"href":"https:\/\/portalmidia.net\/index.php\/wp-json\/wp\/v2\/media?parent=60290"}],"wp:term":[{"taxonomy":"category","embeddable":true,"href":"https:\/\/portalmidia.net\/index.php\/wp-json\/wp\/v2\/categories?post=60290"},{"taxonomy":"post_tag","embeddable":true,"href":"https:\/\/portalmidia.net\/index.php\/wp-json\/wp\/v2\/tags?post=60290"}],"curies":[{"name":"wp","href":"https:\/\/api.w.org\/{rel}","templated":true}]}}