 {"id":60295,"date":"2026-04-26T17:39:20","date_gmt":"2026-04-26T20:39:20","guid":{"rendered":"https:\/\/portalmidia.net\/?p=60295"},"modified":"2026-04-26T17:47:29","modified_gmt":"2026-04-26T20:47:29","slug":"governador-lucas-ribeiro-nomeia-coronel-sinval-para-comandar-o-cpr-iii","status":"publish","type":"post","link":"https:\/\/portalmidia.net\/index.php\/2026\/04\/26\/governador-lucas-ribeiro-nomeia-coronel-sinval-para-comandar-o-cpr-iii\/","title":{"rendered":"Governador Lucas Ribeiro nomeia coronel Sinval para comandar o CPR III"},"content":{"rendered":"<p>O CPR III (3\u00ba Comando de Policiamento Regional) \u00e9 um Comando estrat\u00e9gico da Pol\u00edcia Militar da Para\u00edba, sediada no munic\u00edpio de Guarabira. O Comando \u00e9 respons\u00e1vel pela coordena\u00e7\u00e3o das atividades administrativas e operacionais de cinco batalh\u00f5es, localizados em Guarabira, Sap\u00e9, Sol\u00e2nea, Mamanguape e Itabaiana, abrangendo a atua\u00e7\u00e3o em 56 munic\u00edpios distribu\u00eddos nas regi\u00f5es do Brejo, Agreste, Litoral, Zona da Mata e Curimata\u00fa paraibano.<\/p>\n<p>Quanto ao curr\u00edculo do Coronel Sinval, destaca-se que ingressou na Corpora\u00e7\u00e3o no ano de 1994, construindo ao longo de sua trajet\u00f3ria uma s\u00f3lida forma\u00e7\u00e3o profissional. Dentre os cursos realizados, destacam-se o Curso de Forma\u00e7\u00e3o de Oficiais (CFO), o Curso de Especializa\u00e7\u00e3o em Seguran\u00e7a P\u00fablica, o Curso de Gest\u00e3o Educacional da PMPB e o Curso de Comando e Estado-Maior. Possui, ainda, diversos cursos operacionais, como A\u00e7\u00f5es de Choque, Instru\u00e7\u00e3o da For\u00e7a Nacional, Gerenciamento de Crises, Abordagem e Tiro Policial, T\u00e1ticas em Dupla e Seguran\u00e7a de Autoridades, entre outros.<\/p>\n<p>No campo acad\u00eamico, \u00e9 bacharel em Direito pela UEPB, possui p\u00f3s-gradua\u00e7\u00e3o na \u00e1rea jur\u00eddica e tamb\u00e9m forma\u00e7\u00e3o t\u00e9cnica pelo Col\u00e9gio Agr\u00edcola Assis Chateaubriand, da UEPB, situado em Lagoa Seca-PB. Al\u00e9m de acad\u00eamico em Educa\u00e7\u00e3o F\u00edsica pela UFPB.<\/p>\n<p>No \u00e2mbito da gest\u00e3o e do comando, acumulou experi\u00eancia \u00e0 frente de diversas fra\u00e7\u00f5es e unidades operacionais, incluindo pelot\u00f5es, companhias e batalh\u00f5es, atuando em importantes munic\u00edpios do estado, como Campina Grande, Itabaiana, Sol\u00e2nea, Guarabira e Jo\u00e3o Pessoa.<\/p>\n<p>Diante dessa trajet\u00f3ria, aliada \u00e0 f\u00e9 em Deus, \u00e0 dedica\u00e7\u00e3o profissional e ao trabalho integrado com as demais institui\u00e7\u00f5es de Seguran\u00e7a P\u00fablica, como Pol\u00edcia Civil, Corpo de Bombeiros Militar e Pol\u00edcia Penal, re\u00fane plenas condi\u00e7\u00f5es para desempenhar com excel\u00eancia a nova miss\u00e3o que lhe foi confiada pelo Governador Lucas Ribeiro e pelo Comandante Geral da PMPB, Coronel Ronildo.<\/p>\n","protected":false},"excerpt":{"rendered":"<p>O CPR III (3\u00ba Comando de Policiamento Regional) \u00e9 um Comando estrat\u00e9gico da Pol\u00edcia Militar da Para\u00edba, sediada no munic\u00edpio de Guarabira. O Comando \u00e9 respons\u00e1vel pela coordena\u00e7\u00e3o das atividades administrativas e operacionais de cinco batalh\u00f5es, localizados em Guarabira, Sap\u00e9, Sol\u00e2nea, Mamanguape e Itabaiana, abrangendo a atua\u00e7\u00e3o em 56 munic\u00edpios distribu\u00eddos nas regi\u00f5es do Brejo,<\/p>\n","protected":false},"author":5,"featured_media":60298,"comment_status":"open","ping_status":"open","sticky":false,"template":"","format":"standard","meta":{"_eb_attr":"","footnotes":""},"categories":[7,6],"tags":[],"class_list":["post-60295","post","type-post","status-publish","format-standard","has-post-thumbnail","hentry","category-destaque","category-sexualidade-e-comportamento"],"_links":{"self":[{"href":"https:\/\/portalmidia.net\/index.php\/wp-json\/wp\/v2\/posts\/60295","targetHints":{"allow":["GET"]}}],"collection":[{"href":"https:\/\/portalmidia.net\/index.php\/wp-json\/wp\/v2\/posts"}],"about":[{"href":"https:\/\/portalmidia.net\/index.php\/wp-json\/wp\/v2\/types\/post"}],"author":[{"embeddable":true,"href":"https:\/\/portalmidia.net\/index.php\/wp-json\/wp\/v2\/users\/5"}],"replies":[{"embeddable":true,"href":"https:\/\/portalmidia.net\/index.php\/wp-json\/wp\/v2\/comments?post=60295"}],"version-history":[{"count":1,"href":"https:\/\/portalmidia.net\/index.php\/wp-json\/wp\/v2\/posts\/60295\/revisions"}],"predecessor-version":[{"id":60297,"href":"https:\/\/portalmidia.net\/index.php\/wp-json\/wp\/v2\/posts\/60295\/revisions\/60297"}],"wp:featuredmedia":[{"embeddable":true,"href":"https:\/\/portalmidia.net\/index.php\/wp-json\/wp\/v2\/media\/60298"}],"wp:attachment":[{"href":"https:\/\/portalmidia.net\/index.php\/wp-json\/wp\/v2\/media?parent=60295"}],"wp:term":[{"taxonomy":"category","embeddable":true,"href":"https:\/\/portalmidia.net\/index.php\/wp-json\/wp\/v2\/categories?post=60295"},{"taxonomy":"post_tag","embeddable":true,"href":"https:\/\/portalmidia.net\/index.php\/wp-json\/wp\/v2\/tags?post=60295"}],"curies":[{"name":"wp","href":"https:\/\/api.w.org\/{rel}","templated":true}]}}