 {"id":60303,"date":"2026-04-27T09:03:34","date_gmt":"2026-04-27T12:03:34","guid":{"rendered":"https:\/\/portalmidia.net\/?p=60303"},"modified":"2026-04-27T09:03:34","modified_gmt":"2026-04-27T12:03:34","slug":"shakira-no-rio-organizadores-se-manifestam-sobre-acidente-com-morte","status":"publish","type":"post","link":"https:\/\/portalmidia.net\/index.php\/2026\/04\/27\/shakira-no-rio-organizadores-se-manifestam-sobre-acidente-com-morte\/","title":{"rendered":"Shakira no Rio: organizadores se manifestam sobre acidente com morte"},"content":{"rendered":"<p>A\u00a0morte de um funcion\u00e1rio que trabalhava na montagem do palco\u00a0que vai receber o show de\u00a0Shakira\u00a0na Praia de Copacabana causou uma como\u00e7\u00e3o nas redes sociais. Ap\u00f3s a repercuss\u00e3o do caso, os organizadores do evento se manifestaram.<\/p>\n<p>\u201cA organiza\u00e7\u00e3o do evento confirma que um acidente na tarde deste domingo (26\/04) lamentavelmente vitimou um profissional que atuava na montagem das estruturas para o show\u201d, come\u00e7ou a nota enviada \u00e0 imprensa.<\/p>\n<p><strong>Atendimento \u00e0 v\u00edtima<\/strong><br \/>\nAinda no comunicado, eles deram mais detalhes do atendimento \u00e0 v\u00edtima: \u201cOs socorristas prestaram o primeiro atendimento no local e o Corpo de Bombeiros foi imediatamente acionado para o transporte do paciente\u201d, afirmaram.<\/p>\n<p>E finalizaram: \u201cInfelizmente, o profissional veio a \u00f3bito no hospital. Neste momento, estamos prestando todo apoio, acolhimento e solidariedade \u00e0 empresa respons\u00e1vel, sua equipe e aos familiares da v\u00edtima\u201d, conclu\u00edram.<\/p>\n<p><strong>Autoridades detalharam o acidente<\/strong><br \/>\nBanhistas e pedestres ficaram chocados com o acidente que matou um homem, neste domingo (26\/4), no palco que est\u00e1 sendo montado para o show de Shakira na Praia de Copacabana, zona sul do Rio.<\/p>\n<p>O t\u00e9cnico em seguran\u00e7a do trabalho Gabriel Jesus Firmino, de 28 anos, foi atingido por uma estrutura que desabou e n\u00e3o resistiu. Ap\u00f3s o socorro do rapaz, autoridades deram detalhes do caso.<\/p>\n<p>\u201cA Assessoria de Imprensa da Secretaria de Estado de Pol\u00edcia Militar informa que, neste domingo (26\/04), policiais do 19\u00ba BPM (Copacabana) foram acionados para apoiar o Corpo de Bombeiros em uma ocorr\u00eancia na Avenida Atl\u00e2ntica, na altura do Posto 3, em Copacabana\u201d, come\u00e7ou a corpora\u00e7\u00e3o.<\/p>\n<p><strong>Mais informa\u00e7\u00f5es<\/strong><br \/>\nAinda no comunicado, a institui\u00e7\u00e3o relatou: \u201cSegundo informa\u00e7\u00f5es colhidas no local, uma estrutura de montagem de palco desabou e atingiu um trabalhador.\u00a0A v\u00edtima foi socorrida por equipes do Corpo de Bombeiros ao Hospital Municipal Miguel Couto, mas n\u00e3o resistiu aos ferimentos. A ocorr\u00eancia foi encaminhada para a 12\u00aa DP e a per\u00edcia acionada\u201d, concluiu.<\/p>\n<p>Tamb\u00e9m atrav\u00e9s de um comunicado enviado \u00e0 imprensa, o Corpo de Bombeiros revelou que o \u201ctrabalhador sofreu esmagamento de membros inferiores em um sistema de eleva\u00e7\u00e3o. Antes da chegada das equipes, a v\u00edtima j\u00e1 havia sido retirada do equipamento por outros funcion\u00e1rios presentes\u201d.<\/p>\n<p>&nbsp;<\/p>\n<p>&nbsp;<\/p>\n<p>&nbsp;<\/p>\n<p>F\u00e1bia Oliveira &#8211; Metr\u00f3poles<\/p>\n","protected":false},"excerpt":{"rendered":"<p>A\u00a0morte de um funcion\u00e1rio que trabalhava na montagem do palco\u00a0que vai receber o show de\u00a0Shakira\u00a0na Praia de Copacabana causou uma como\u00e7\u00e3o nas redes sociais. Ap\u00f3s a repercuss\u00e3o do caso, os organizadores do evento se manifestaram. \u201cA organiza\u00e7\u00e3o do evento confirma que um acidente na tarde deste domingo (26\/04) lamentavelmente vitimou um profissional que atuava na<\/p>\n","protected":false},"author":5,"featured_media":60304,"comment_status":"open","ping_status":"open","sticky":false,"template":"","format":"standard","meta":{"_eb_attr":"","footnotes":""},"categories":[7,6],"tags":[],"class_list":["post-60303","post","type-post","status-publish","format-standard","has-post-thumbnail","hentry","category-destaque","category-sexualidade-e-comportamento"],"_links":{"self":[{"href":"https:\/\/portalmidia.net\/index.php\/wp-json\/wp\/v2\/posts\/60303","targetHints":{"allow":["GET"]}}],"collection":[{"href":"https:\/\/portalmidia.net\/index.php\/wp-json\/wp\/v2\/posts"}],"about":[{"href":"https:\/\/portalmidia.net\/index.php\/wp-json\/wp\/v2\/types\/post"}],"author":[{"embeddable":true,"href":"https:\/\/portalmidia.net\/index.php\/wp-json\/wp\/v2\/users\/5"}],"replies":[{"embeddable":true,"href":"https:\/\/portalmidia.net\/index.php\/wp-json\/wp\/v2\/comments?post=60303"}],"version-history":[{"count":1,"href":"https:\/\/portalmidia.net\/index.php\/wp-json\/wp\/v2\/posts\/60303\/revisions"}],"predecessor-version":[{"id":60305,"href":"https:\/\/portalmidia.net\/index.php\/wp-json\/wp\/v2\/posts\/60303\/revisions\/60305"}],"wp:featuredmedia":[{"embeddable":true,"href":"https:\/\/portalmidia.net\/index.php\/wp-json\/wp\/v2\/media\/60304"}],"wp:attachment":[{"href":"https:\/\/portalmidia.net\/index.php\/wp-json\/wp\/v2\/media?parent=60303"}],"wp:term":[{"taxonomy":"category","embeddable":true,"href":"https:\/\/portalmidia.net\/index.php\/wp-json\/wp\/v2\/categories?post=60303"},{"taxonomy":"post_tag","embeddable":true,"href":"https:\/\/portalmidia.net\/index.php\/wp-json\/wp\/v2\/tags?post=60303"}],"curies":[{"name":"wp","href":"https:\/\/api.w.org\/{rel}","templated":true}]}}