 {"id":60309,"date":"2026-04-27T09:11:42","date_gmt":"2026-04-27T12:11:42","guid":{"rendered":"https:\/\/portalmidia.net\/?p=60309"},"modified":"2026-04-27T09:11:42","modified_gmt":"2026-04-27T12:11:42","slug":"inmet-emite-alerta-de-chuvas-intensas-para-guarabira-e-mais-para-148-municipios","status":"publish","type":"post","link":"https:\/\/portalmidia.net\/index.php\/2026\/04\/27\/inmet-emite-alerta-de-chuvas-intensas-para-guarabira-e-mais-para-148-municipios\/","title":{"rendered":"Inmet emite alerta de chuvas intensas para Guarabira e mais para 148 munic\u00edpios"},"content":{"rendered":"<p>O Instituto Nacional de Meteorologia (Inmet) emitiu, nesta segunda-feira (27), um alerta amarelo de chuvas intensas para 149 munic\u00edpios da Para\u00edba, incluindo a capital,\u00a0Jo\u00e3o Pessoa. O per\u00edodo de alerta segue at\u00e9 as 23h59.<\/p>\n<p>\ud83d\udfe1Perigo potencial:\u00a0Para os munic\u00edpios que est\u00e3o sob o alerta amarelo de perigo potencial de chuvas intensas, pode chover entre 20 e 30 mm\/h ou at\u00e9 50 mm\/dia, com ventos intensos entre 40 e 60 km\/h. Segundo o Inmet, h\u00e1 baixo risco de corte de energia el\u00e9trica, queda de galhos de \u00e1rvores, alagamentos e descargas el\u00e9tricas.<br \/>\n<strong>Recomenda\u00e7\u00f5es do Inmet<\/strong><br \/>\nO Inmet recomenda que as pessoas n\u00e3o se abriguem debaixo de \u00e1rvores durante a chuva, pois h\u00e1 risco de queda e descargas el\u00e9tricas. O \u00f3rg\u00e3o tamb\u00e9m orienta que ve\u00edculos n\u00e3o sejam estacionados pr\u00f3ximos a torres de transmiss\u00e3o e placas de propaganda.<\/p>\n<p>\u26a0\ufe0fPara as cidades sob alerta amarelo, o uso de aparelhos eletr\u00f4nicos ligados \u00e0 tomada deve ser evitado. No caso dos munic\u00edpios sob alerta laranja, o Inmet recomenda o desligamento de aparelhos el\u00e9tricos e o quadro geral de energia.<br \/>\nEm caso de problemas, a popula\u00e7\u00e3o pode acionar a Defesa Civil pelo telefone 199 ou o Corpo de Bombeiros pelo telefone 193.<\/p>\n<p><strong>Munic\u00edpios em alerta amarelo de chuvas<\/strong><br \/>\nAlagoa Grande<br \/>\nAlagoa Nova<br \/>\nAlagoinha<br \/>\nAlcantil<br \/>\nAlgod\u00e3o de Janda\u00edra<br \/>\nAlhandra<br \/>\nAra\u00e7agi<br \/>\nArara<br \/>\nAraruna<br \/>\nAreia<br \/>\nAreia de Bara\u00fanas<br \/>\nAreial<br \/>\nAroeiras<br \/>\nAssun\u00e7\u00e3o<br \/>\nBa\u00eda da Trai\u00e7\u00e3o<br \/>\nBananeiras<br \/>\nBara\u00fana<br \/>\nBarra de Santana<br \/>\nBarra de Santa Rosa<br \/>\nBarra de S\u00e3o Miguel<br \/>\nBayeux<br \/>\nBel\u00e9m<br \/>\nBel\u00e9m do Brejo do Cruz<br \/>\nBoa Vista<br \/>\nBom Sucesso<br \/>\nBoqueir\u00e3o<br \/>\nBorborema<br \/>\nBrejo do Cruz<br \/>\nBrejo dos Santos<br \/>\nCaapor\u00e3<br \/>\nCabaceiras<br \/>\nCabedelo<br \/>\nCacimba de Dentro<br \/>\nCai\u00e7ara<br \/>\nCaldas Brand\u00e3o<br \/>\nCamala\u00fa<br \/>\nCampina Grande<br \/>\nCapim<br \/>\nCara\u00fabas<br \/>\nCasserengue<br \/>\nCatol\u00e9 do Rocha<br \/>\nCaturit\u00e9<br \/>\nConde<br \/>\nCongo<br \/>\nCoxixola<br \/>\nCruz do Esp\u00edrito Santo<br \/>\nCubati<br \/>\nCuit\u00e9<br \/>\nCuit\u00e9 de Mamanguape<br \/>\nCuitegi<br \/>\nCurral de Cima<br \/>\nDami\u00e3o<br \/>\nDona In\u00eas<br \/>\nDuas Estradas<br \/>\nEsperan\u00e7a<br \/>\nFagundes<br \/>\nFrei Martinho<br \/>\nGado Bravo<br \/>\nGuarabira<br \/>\nGurinh\u00e9m<br \/>\nGurj\u00e3o<br \/>\nIng\u00e1<br \/>\nItabaiana<br \/>\nItapororoca<br \/>\nItatuba<br \/>\nJacara\u00fa<br \/>\nJeric\u00f3<br \/>\nJo\u00e3o Pessoa<br \/>\nJuarez T\u00e1vora<br \/>\nJuazeirinho<br \/>\nJunco do Serid\u00f3<br \/>\nJuripiranga<br \/>\nLagoa de Dentro<br \/>\nLagoa Seca<br \/>\nLivramento<br \/>\nLogradouro<br \/>\nLucena<br \/>\nMamanguape<br \/>\nMarca\u00e7\u00e3o<br \/>\nMari<br \/>\nMassaranduba<br \/>\nMataraca<br \/>\nMatinhas<br \/>\nMato Grosso<br \/>\nMogeiro<br \/>\nMontadas<br \/>\nMulungu<br \/>\nNatuba<br \/>\nNova Floresta<br \/>\nNova Palmeira<br \/>\nOlivedos<br \/>\nParari<br \/>\nPassagem<br \/>\nPatos<br \/>\nPaulista<br \/>\nPedra Lavrada<br \/>\nPedras de Fogo<br \/>\nPedro R\u00e9gis<br \/>\nPicu\u00ed<br \/>\nPilar<br \/>\nPil\u00f5es<br \/>\nPil\u00f5ezinhos<br \/>\nPirpirituba<br \/>\nPitimbu<br \/>\nPocinhos<br \/>\nPuxinan\u00e3<br \/>\nQueimadas<br \/>\nQuixaba<br \/>\nRem\u00edgio<br \/>\nRiach\u00e3o<br \/>\nRiach\u00e3o do Bacamarte<br \/>\nRiach\u00e3o do Po\u00e7o<br \/>\nRiacho de Santo Ant\u00f4nio<br \/>\nRiacho dos Cavalos<br \/>\nRio Tinto<br \/>\nSalgadinho<br \/>\nSalgado de S\u00e3o F\u00e9lix<br \/>\nSanta Cec\u00edlia<br \/>\nSanta Luzia<br \/>\nSanta Rita<br \/>\nSanto Andr\u00e9<br \/>\nS\u00e3o Bento<br \/>\nS\u00e3o Domingos do Cariri<br \/>\nS\u00e3o Jo\u00e3o do Cariri<br \/>\nS\u00e3o Jo\u00e3o do Tigre<br \/>\nS\u00e3o Jos\u00e9 de Espinharas<br \/>\nS\u00e3o Jos\u00e9 do Brejo do Cruz<br \/>\nS\u00e3o Jos\u00e9 do Sabugi<br \/>\nS\u00e3o Jos\u00e9 dos Cordeiros<br \/>\nS\u00e3o Jos\u00e9 dos Ramos<br \/>\nS\u00e3o Mamede<br \/>\nS\u00e3o Miguel de Taipu<br \/>\nS\u00e3o Sebasti\u00e3o de Lagoa de Ro\u00e7a<br \/>\nS\u00e3o Vicente do Serid\u00f3<br \/>\nSap\u00e9<br \/>\nSerra Branca<br \/>\nSerra da Raiz<br \/>\nSerra Redonda<br \/>\nSerraria<br \/>\nSert\u00e3ozinho<br \/>\nSobrado<br \/>\nSol\u00e2nea<br \/>\nSoledade<br \/>\nSoss\u00eago<br \/>\nTacima<br \/>\nTapero\u00e1<br \/>\nTen\u00f3rio<br \/>\nUmbuzeiro<br \/>\nV\u00e1rzea<\/p>\n","protected":false},"excerpt":{"rendered":"<p>O Instituto Nacional de Meteorologia (Inmet) emitiu, nesta segunda-feira (27), um alerta amarelo de chuvas intensas para 149 munic\u00edpios da Para\u00edba, incluindo a capital,\u00a0Jo\u00e3o Pessoa. O per\u00edodo de alerta segue at\u00e9 as 23h59. \ud83d\udfe1Perigo potencial:\u00a0Para os munic\u00edpios que est\u00e3o sob o alerta amarelo de perigo potencial de chuvas intensas, pode chover entre 20 e 30<\/p>\n","protected":false},"author":5,"featured_media":18265,"comment_status":"open","ping_status":"open","sticky":false,"template":"","format":"standard","meta":{"_eb_attr":"","footnotes":""},"categories":[7,6],"tags":[],"class_list":["post-60309","post","type-post","status-publish","format-standard","has-post-thumbnail","hentry","category-destaque","category-sexualidade-e-comportamento"],"_links":{"self":[{"href":"https:\/\/portalmidia.net\/index.php\/wp-json\/wp\/v2\/posts\/60309","targetHints":{"allow":["GET"]}}],"collection":[{"href":"https:\/\/portalmidia.net\/index.php\/wp-json\/wp\/v2\/posts"}],"about":[{"href":"https:\/\/portalmidia.net\/index.php\/wp-json\/wp\/v2\/types\/post"}],"author":[{"embeddable":true,"href":"https:\/\/portalmidia.net\/index.php\/wp-json\/wp\/v2\/users\/5"}],"replies":[{"embeddable":true,"href":"https:\/\/portalmidia.net\/index.php\/wp-json\/wp\/v2\/comments?post=60309"}],"version-history":[{"count":1,"href":"https:\/\/portalmidia.net\/index.php\/wp-json\/wp\/v2\/posts\/60309\/revisions"}],"predecessor-version":[{"id":60310,"href":"https:\/\/portalmidia.net\/index.php\/wp-json\/wp\/v2\/posts\/60309\/revisions\/60310"}],"wp:featuredmedia":[{"embeddable":true,"href":"https:\/\/portalmidia.net\/index.php\/wp-json\/wp\/v2\/media\/18265"}],"wp:attachment":[{"href":"https:\/\/portalmidia.net\/index.php\/wp-json\/wp\/v2\/media?parent=60309"}],"wp:term":[{"taxonomy":"category","embeddable":true,"href":"https:\/\/portalmidia.net\/index.php\/wp-json\/wp\/v2\/categories?post=60309"},{"taxonomy":"post_tag","embeddable":true,"href":"https:\/\/portalmidia.net\/index.php\/wp-json\/wp\/v2\/tags?post=60309"}],"curies":[{"name":"wp","href":"https:\/\/api.w.org\/{rel}","templated":true}]}}