 {"id":60316,"date":"2026-04-28T07:38:08","date_gmt":"2026-04-28T10:38:08","guid":{"rendered":"https:\/\/portalmidia.net\/?p=60316"},"modified":"2026-04-28T07:38:08","modified_gmt":"2026-04-28T10:38:08","slug":"amigo-que-estava-com-idosa-que-desapareceu-na-grande-joao-pessoa-diz-que-ela-sumiu-num-piscar-de-olhos","status":"publish","type":"post","link":"https:\/\/portalmidia.net\/index.php\/2026\/04\/28\/amigo-que-estava-com-idosa-que-desapareceu-na-grande-joao-pessoa-diz-que-ela-sumiu-num-piscar-de-olhos\/","title":{"rendered":"Amigo que estava com idosa que desapareceu na Grande Jo\u00e3o Pessoa diz que ela sumiu &#8216;num piscar de olhos&#8217;"},"content":{"rendered":"<p>O homem que estava com Milce Daniel Pessoa, de 72 anos,\u00a0antes de ela desaparecer na \u00faltima quarta-feira (22), disse que a mulher sumiu \u201cnum piscar de olhos\u201d, enquanto os dois apanhavam mangas. Willis do Carmo prestou depoimento nesta segunda-feira (27) na delegacia de\u00a0Bayeux, na Grande\u00a0Jo\u00e3o Pessoa.<\/p>\n<p>\u201cNum piscar de olhos, como se fosse um descuido com uma crian\u00e7a. A\u00ed eu procurei ela, depois que juntei as 26 mangas, mais ou menos. A\u00ed a mulher desapareceu\u201d, afirmou Willis \u00e0 TV Cabo Branco.<\/p>\n<p>A aposentada havia acompanhado o amigo e vizinho em um exame no Hospital Metropolitano Dom Jos\u00e9 Maria Pires. Segundo ele, na volta, os dois desceram do carro para pegar mangas em uma \u00e1rea pr\u00f3xima ao bairro onde residem, em Bayeux.<\/p>\n<p>Ap\u00f3s perceber o desaparecimento da amiga, Willis do Carmo foi at\u00e9 a resid\u00eancia dela, onde a idosa morava com uma das filhas, para informar a fam\u00edlia. Em seguida, a Pol\u00edcia Civil foi acionada.<\/p>\n<p>O amigo de Milce afirmou que parou para apanhar mangas para atender a um desejo dela, com quem mant\u00e9m amizade h\u00e1 pelo menos 40 anos.\u00a0\u201cA justi\u00e7a tem que saber que eu fui fazer o gosto dela, que ela \u00e9 louca por manga, todo mundo sabe que ela \u00e9 louca por manga\u201d, relatou.<br \/>\nDe acordo com a filha da idosa, Su\u00eania Pessoa, o amigo tamb\u00e9m era vizinho dela e moravam na cidade de Bayeux. O ato de ir para consultas m\u00e9dicas juntos era recorrente. No entanto, dessa vez, ap\u00f3s ambos sa\u00edrem do hospital e se direcionarem a uma \u00e1rea de mata pr\u00f3ximo ao Educand\u00e1rio de Bayeux, ela desapareceu.<br \/>\nA filha contou que o homem disse que ambos foram para aquela regi\u00e3o para pegar manga, pois a idosa teria argumentado que estava com fome e queria comer a fruta. Por\u00e9m, ao se abaixar no processo de retirada da manga da \u00e1rvore, o homem n\u00e3o visualizou mais a idosa.<br \/>\nUm boletim de ocorr\u00eancia foi realizado na Pol\u00edcia Civil, que investiga o caso. O Corpo de Bombeiros j\u00e1 realizou uma busca na \u00e1rea em que a idosa desapareceu, nesta sexta-feira (24), mas n\u00e3o a encontrou.<\/p>\n<p>O delegado Douglas Garc\u00eda, que comanda as investiga\u00e7\u00f5es, informou que as dilig\u00eancias sobre o caso devem avan\u00e7ar a partir desta segunda-feira (27).<\/p>\n<p>Uma idosa identificada como Milce Daniel Pessoa, de 72 anos, desapareceu ap\u00f3s acompanhar um amigo e vizinho em uma consulta m\u00e9dica no Hospital Metropolitano, entre as cidades de\u00a0Santa Rita\u00a0e Bayeux, na Grande Jo\u00e3o Pessoa. O desaparecimento aconteceu na quarta-feira (22) pela manh\u00e3.<br \/>\nA filha contou que o homem disse que ambos foram para aquela regi\u00e3o para pegar manga, pois a idosa teria argumentado que estava com fome e queria comer a fruta. Por\u00e9m, ao se abaixar no processo de retirada da manga da \u00e1rvore, o homem n\u00e3o visualizou mais a idosa.<\/p>\n<p>Um boletim de ocorr\u00eancia foi realizado na Pol\u00edcia Civil, que investiga o caso. O Corpo de Bombeiros j\u00e1 realizou uma busca na \u00e1rea em que a idosa desapareceu, nesta sexta-feira (24), mas n\u00e3o a encontrou.<br \/>\nO delegado Douglas Garc\u00eda, que est\u00e1 comandando as investiga\u00e7\u00f5es, informou que as dilig\u00eancias sobre o caso devem avan\u00e7ar a partir da segunda-feira (27).<\/p>\n<p>&nbsp;<\/p>\n<p>&nbsp;<\/p>\n<p>&nbsp;<\/p>\n<p>&nbsp;<\/p>\n<p>G1<\/p>\n","protected":false},"excerpt":{"rendered":"<p>O homem que estava com Milce Daniel Pessoa, de 72 anos,\u00a0antes de ela desaparecer na \u00faltima quarta-feira (22), disse que a mulher sumiu \u201cnum piscar de olhos\u201d, enquanto os dois apanhavam mangas. Willis do Carmo prestou depoimento nesta segunda-feira (27) na delegacia de\u00a0Bayeux, na Grande\u00a0Jo\u00e3o Pessoa. \u201cNum piscar de olhos, como se fosse um descuido<\/p>\n","protected":false},"author":5,"featured_media":60317,"comment_status":"open","ping_status":"open","sticky":false,"template":"","format":"standard","meta":{"_eb_attr":"","footnotes":""},"categories":[2],"tags":[],"class_list":["post-60316","post","type-post","status-publish","format-standard","has-post-thumbnail","hentry","category-policial"],"_links":{"self":[{"href":"https:\/\/portalmidia.net\/index.php\/wp-json\/wp\/v2\/posts\/60316","targetHints":{"allow":["GET"]}}],"collection":[{"href":"https:\/\/portalmidia.net\/index.php\/wp-json\/wp\/v2\/posts"}],"about":[{"href":"https:\/\/portalmidia.net\/index.php\/wp-json\/wp\/v2\/types\/post"}],"author":[{"embeddable":true,"href":"https:\/\/portalmidia.net\/index.php\/wp-json\/wp\/v2\/users\/5"}],"replies":[{"embeddable":true,"href":"https:\/\/portalmidia.net\/index.php\/wp-json\/wp\/v2\/comments?post=60316"}],"version-history":[{"count":1,"href":"https:\/\/portalmidia.net\/index.php\/wp-json\/wp\/v2\/posts\/60316\/revisions"}],"predecessor-version":[{"id":60318,"href":"https:\/\/portalmidia.net\/index.php\/wp-json\/wp\/v2\/posts\/60316\/revisions\/60318"}],"wp:featuredmedia":[{"embeddable":true,"href":"https:\/\/portalmidia.net\/index.php\/wp-json\/wp\/v2\/media\/60317"}],"wp:attachment":[{"href":"https:\/\/portalmidia.net\/index.php\/wp-json\/wp\/v2\/media?parent=60316"}],"wp:term":[{"taxonomy":"category","embeddable":true,"href":"https:\/\/portalmidia.net\/index.php\/wp-json\/wp\/v2\/categories?post=60316"},{"taxonomy":"post_tag","embeddable":true,"href":"https:\/\/portalmidia.net\/index.php\/wp-json\/wp\/v2\/tags?post=60316"}],"curies":[{"name":"wp","href":"https:\/\/api.w.org\/{rel}","templated":true}]}}