 {"id":60319,"date":"2026-04-28T07:42:12","date_gmt":"2026-04-28T10:42:12","guid":{"rendered":"https:\/\/portalmidia.net\/?p=60319"},"modified":"2026-04-28T07:42:12","modified_gmt":"2026-04-28T10:42:12","slug":"governo-divulga-calendario-de-pagamento-dos-servidores-estaduais-de-abril","status":"publish","type":"post","link":"https:\/\/portalmidia.net\/index.php\/2026\/04\/28\/governo-divulga-calendario-de-pagamento-dos-servidores-estaduais-de-abril\/","title":{"rendered":"Governo divulga calend\u00e1rio de pagamento dos servidores estaduais de abril"},"content":{"rendered":"<p>O governador Lucas Ribeiro anunciou, na tarde desta segunda-feira (27), o calend\u00e1rio de pagamento dos servidores estaduais referente ao m\u00eas de abril.<\/p>\n<p>De acordo com o gestor, os pagamentos ter\u00e3o in\u00edcio na quarta-feira (29), quando recebem aposentados e pensionistas, e seguem na quinta-feira (30), contemplando os servidores da ativa, incluindo administra\u00e7\u00e3o direta e indireta.<\/p>\n<p>Ao todo, a expectativa \u00e9 que cerca de R$ 939,6 milh\u00f5es ser\u00e3o injetados na economia paraibana.<\/p>\n<p>Confira o calend\u00e1rio completo:<br \/>\n29\/04\u00a0\u2014 Aposentados e pensionistas<\/p>\n<p>30\/04\u00a0\u2014 Servidores da ativa<\/p>\n","protected":false},"excerpt":{"rendered":"<p>O governador Lucas Ribeiro anunciou, na tarde desta segunda-feira (27), o calend\u00e1rio de pagamento dos servidores estaduais referente ao m\u00eas de abril. De acordo com o gestor, os pagamentos ter\u00e3o in\u00edcio na quarta-feira (29), quando recebem aposentados e pensionistas, e seguem na quinta-feira (30), contemplando os servidores da ativa, incluindo administra\u00e7\u00e3o direta e indireta. Ao<\/p>\n","protected":false},"author":5,"featured_media":6705,"comment_status":"open","ping_status":"open","sticky":false,"template":"","format":"standard","meta":{"_eb_attr":"","footnotes":""},"categories":[7],"tags":[],"class_list":["post-60319","post","type-post","status-publish","format-standard","has-post-thumbnail","hentry","category-destaque"],"_links":{"self":[{"href":"https:\/\/portalmidia.net\/index.php\/wp-json\/wp\/v2\/posts\/60319","targetHints":{"allow":["GET"]}}],"collection":[{"href":"https:\/\/portalmidia.net\/index.php\/wp-json\/wp\/v2\/posts"}],"about":[{"href":"https:\/\/portalmidia.net\/index.php\/wp-json\/wp\/v2\/types\/post"}],"author":[{"embeddable":true,"href":"https:\/\/portalmidia.net\/index.php\/wp-json\/wp\/v2\/users\/5"}],"replies":[{"embeddable":true,"href":"https:\/\/portalmidia.net\/index.php\/wp-json\/wp\/v2\/comments?post=60319"}],"version-history":[{"count":1,"href":"https:\/\/portalmidia.net\/index.php\/wp-json\/wp\/v2\/posts\/60319\/revisions"}],"predecessor-version":[{"id":60320,"href":"https:\/\/portalmidia.net\/index.php\/wp-json\/wp\/v2\/posts\/60319\/revisions\/60320"}],"wp:featuredmedia":[{"embeddable":true,"href":"https:\/\/portalmidia.net\/index.php\/wp-json\/wp\/v2\/media\/6705"}],"wp:attachment":[{"href":"https:\/\/portalmidia.net\/index.php\/wp-json\/wp\/v2\/media?parent=60319"}],"wp:term":[{"taxonomy":"category","embeddable":true,"href":"https:\/\/portalmidia.net\/index.php\/wp-json\/wp\/v2\/categories?post=60319"},{"taxonomy":"post_tag","embeddable":true,"href":"https:\/\/portalmidia.net\/index.php\/wp-json\/wp\/v2\/tags?post=60319"}],"curies":[{"name":"wp","href":"https:\/\/api.w.org\/{rel}","templated":true}]}}