 {"id":60322,"date":"2026-04-28T10:10:08","date_gmt":"2026-04-28T13:10:08","guid":{"rendered":"https:\/\/portalmidia.net\/?p=60322"},"modified":"2026-04-28T10:11:28","modified_gmt":"2026-04-28T13:11:28","slug":"sessoes-do-tribunal-pleno-e-do-orgao-especial-serao-realizadas-na-camara-municipal-de-guarabira-nesta-quarta-feira-29","status":"publish","type":"post","link":"https:\/\/portalmidia.net\/index.php\/2026\/04\/28\/sessoes-do-tribunal-pleno-e-do-orgao-especial-serao-realizadas-na-camara-municipal-de-guarabira-nesta-quarta-feira-29\/","title":{"rendered":"Sess\u00f5es do Tribunal Pleno e do \u00d3rg\u00e3o Especial ser\u00e3o realizadas na C\u00e2mara municipal de Guarabira, nesta quarta-feira (29)"},"content":{"rendered":"<p>Na pr\u00f3xima quarta-feira (29), a C\u00e2mara Municipal de Guarabira ser\u00e1 palco de importantes atividades do Judici\u00e1rio paraibano. A partir das 8h45, ser\u00e3o realizadas a 2\u00aa Sess\u00e3o Extraordin\u00e1ria Administrativa do Tribunal Pleno e a 7\u00aa Sess\u00e3o Ordin\u00e1ria Judicial do \u00d3rg\u00e3o Especial do\u00a0Tribunal de Justi\u00e7a da Para\u00edba.<\/p>\n<p>A iniciativa faz parte das a\u00e7\u00f5es itinerantes do Judici\u00e1rio estadual, aproximando os trabalhos da Justi\u00e7a da popula\u00e7\u00e3o e dos profissionais da \u00e1rea jur\u00eddica no interior do estado. O presidente do Tribunal de Justi\u00e7a da Para\u00edba, desembargador Frederico Martinho da N\u00f3brega Coutinho (foto), emitiu comunicado convidando advogados, partes interessadas e a sociedade em geral a acompanharem as sess\u00f5es.<\/p>\n<figure id=\"attachment_60328\" aria-describedby=\"caption-attachment-60328\" style=\"width: 600px\" class=\"wp-caption aligncenter\"><img fetchpriority=\"high\" decoding=\"async\" class=\"size-large wp-image-60328\" src=\"https:\/\/portalmidia.net\/wp-content\/uploads\/2026\/04\/FredCoutinho-600x421.webp\" alt=\"Fred Coutinho - desembargador presidente do TJPB\" width=\"600\" height=\"421\" srcset=\"https:\/\/portalmidia.net\/wp-content\/uploads\/2026\/04\/FredCoutinho-600x421.webp 600w, https:\/\/portalmidia.net\/wp-content\/uploads\/2026\/04\/FredCoutinho-300x211.webp 300w, https:\/\/portalmidia.net\/wp-content\/uploads\/2026\/04\/FredCoutinho-768x539.webp 768w, https:\/\/portalmidia.net\/wp-content\/uploads\/2026\/04\/FredCoutinho.webp 912w\" sizes=\"(max-width: 600px) 100vw, 600px\" \/><figcaption id=\"caption-attachment-60328\" class=\"wp-caption-text\">Fred Coutinho &#8211; desembargador presidente do TJPB<\/figcaption><\/figure>\n<p>A realiza\u00e7\u00e3o das atividades em Guarabira refor\u00e7a o compromisso da Justi\u00e7a paraibana com a transpar\u00eancia, acessibilidade e descentraliza\u00e7\u00e3o dos servi\u00e7os judiciais.<\/p>\n<p><strong>Apoio log\u00edstico e interdi\u00e7\u00e3o de vias<\/strong><\/p>\n<p>Como forma de garantir a organiza\u00e7\u00e3o e seguran\u00e7a do evento, a Prefeitura, por meio da Superintend\u00eancia de Mobilidade Urbana (SEMOB), realizar\u00e1 a interdi\u00e7\u00e3o da Rua S\u00f3lon de Lucena e vias pr\u00f3ximas durante toda a manh\u00e3 e in\u00edcio da tarde desta quarta-feira (29).<\/p>\n<p>A medida tem como objetivo assegurar a fluidez do tr\u00e1fego local, bem como proporcionar maior seguran\u00e7a para autoridades, advogados, convidados e a sociedade em geral. Agentes de tr\u00e2nsito estar\u00e3o no local para orientar condutores e pedestres. A gest\u00e3o municipal refor\u00e7a seu compromisso em apoiar iniciativas que contribuam para o fortalecimento das institui\u00e7\u00f5es e a amplia\u00e7\u00e3o do acesso da popula\u00e7\u00e3o aos servi\u00e7os p\u00fablicos essenciais.<\/p>\n<p>&nbsp;<\/p>\n<p>TJ<\/p>\n","protected":false},"excerpt":{"rendered":"<p>Na pr\u00f3xima quarta-feira (29), a C\u00e2mara Municipal de Guarabira ser\u00e1 palco de importantes atividades do Judici\u00e1rio paraibano. A partir das 8h45, ser\u00e3o realizadas a 2\u00aa Sess\u00e3o Extraordin\u00e1ria Administrativa do Tribunal Pleno e a 7\u00aa Sess\u00e3o Ordin\u00e1ria Judicial do \u00d3rg\u00e3o Especial do\u00a0Tribunal de Justi\u00e7a da Para\u00edba. A iniciativa faz parte das a\u00e7\u00f5es itinerantes do Judici\u00e1rio estadual,<\/p>\n","protected":false},"author":5,"featured_media":60327,"comment_status":"open","ping_status":"open","sticky":false,"template":"","format":"standard","meta":{"_eb_attr":"","footnotes":""},"categories":[7,6],"tags":[],"class_list":["post-60322","post","type-post","status-publish","format-standard","has-post-thumbnail","hentry","category-destaque","category-sexualidade-e-comportamento"],"_links":{"self":[{"href":"https:\/\/portalmidia.net\/index.php\/wp-json\/wp\/v2\/posts\/60322","targetHints":{"allow":["GET"]}}],"collection":[{"href":"https:\/\/portalmidia.net\/index.php\/wp-json\/wp\/v2\/posts"}],"about":[{"href":"https:\/\/portalmidia.net\/index.php\/wp-json\/wp\/v2\/types\/post"}],"author":[{"embeddable":true,"href":"https:\/\/portalmidia.net\/index.php\/wp-json\/wp\/v2\/users\/5"}],"replies":[{"embeddable":true,"href":"https:\/\/portalmidia.net\/index.php\/wp-json\/wp\/v2\/comments?post=60322"}],"version-history":[{"count":3,"href":"https:\/\/portalmidia.net\/index.php\/wp-json\/wp\/v2\/posts\/60322\/revisions"}],"predecessor-version":[{"id":60331,"href":"https:\/\/portalmidia.net\/index.php\/wp-json\/wp\/v2\/posts\/60322\/revisions\/60331"}],"wp:featuredmedia":[{"embeddable":true,"href":"https:\/\/portalmidia.net\/index.php\/wp-json\/wp\/v2\/media\/60327"}],"wp:attachment":[{"href":"https:\/\/portalmidia.net\/index.php\/wp-json\/wp\/v2\/media?parent=60322"}],"wp:term":[{"taxonomy":"category","embeddable":true,"href":"https:\/\/portalmidia.net\/index.php\/wp-json\/wp\/v2\/categories?post=60322"},{"taxonomy":"post_tag","embeddable":true,"href":"https:\/\/portalmidia.net\/index.php\/wp-json\/wp\/v2\/tags?post=60322"}],"curies":[{"name":"wp","href":"https:\/\/api.w.org\/{rel}","templated":true}]}}