 {"id":60323,"date":"2026-04-28T10:01:07","date_gmt":"2026-04-28T13:01:07","guid":{"rendered":"https:\/\/portalmidia.net\/?p=60323"},"modified":"2026-04-28T10:01:07","modified_gmt":"2026-04-28T13:01:07","slug":"programacao-do-projeto-arraia-do-interior-2026-e-divulgada-na-cidade-de-sertaozinho","status":"publish","type":"post","link":"https:\/\/portalmidia.net\/index.php\/2026\/04\/28\/programacao-do-projeto-arraia-do-interior-2026-e-divulgada-na-cidade-de-sertaozinho\/","title":{"rendered":"Programa\u00e7\u00e3o do Projeto Arrai\u00e1 do Interior 2026 \u00e9 divulgada na cidade de Sert\u00e3ozinho"},"content":{"rendered":"<p>Os destaques da programa\u00e7\u00e3o da festa s\u00e3o os shows de Flavio Jos\u00e9, Alceu Valen\u00e7a, Alcimar Monteiro, Mari Fernandes e Iguinho e Lulinha<\/p>\n<p><img fetchpriority=\"high\" decoding=\"async\" class=\"aligncenter size-large wp-image-60325\" src=\"https:\/\/portalmidia.net\/wp-content\/uploads\/2026\/04\/57baf1c7-ea06-4179-a202-da05c128b787-600x428.jpeg\" alt=\"\" width=\"600\" height=\"428\" srcset=\"https:\/\/portalmidia.net\/wp-content\/uploads\/2026\/04\/57baf1c7-ea06-4179-a202-da05c128b787-600x428.jpeg 600w, https:\/\/portalmidia.net\/wp-content\/uploads\/2026\/04\/57baf1c7-ea06-4179-a202-da05c128b787-300x214.jpeg 300w, https:\/\/portalmidia.net\/wp-content\/uploads\/2026\/04\/57baf1c7-ea06-4179-a202-da05c128b787-768x548.jpeg 768w, https:\/\/portalmidia.net\/wp-content\/uploads\/2026\/04\/57baf1c7-ea06-4179-a202-da05c128b787-1536x1096.jpeg 1536w, https:\/\/portalmidia.net\/wp-content\/uploads\/2026\/04\/57baf1c7-ea06-4179-a202-da05c128b787.jpeg 1600w\" sizes=\"(max-width: 600px) 100vw, 600px\" \/>Nesta segunda (27), na cidade de Sert\u00e3ozinho, foi divulgada a programa\u00e7\u00e3o do \u2018Arrai\u00e1 do Interior\u2019. O evento \u00e9 um roteiro que percorre nove cidades que realizam o maior roteiro junino do interior da Para\u00edba. Participam do Projeto as cidades de Serra da Ra\u00edz, Duas Estradas, Lagoa de Dentro, Pedro R\u00e9gis, Jacara\u00fa, Logradouro, Cai\u00e7ara, Curral de Cima e Sert\u00e3ozinho.<br \/>\nO lan\u00e7amento da programa\u00e7\u00e3o ocorreu no Parque Cultural e contou com as presen\u00e7as dos prefeitos, secret\u00e1rios dos Munic\u00edpios envolvidos al\u00e9m de convidados e da imprensa regional.<\/p>\n<p>O evento conta com shows musicais, atra\u00e7\u00f5es nacionais, regionais e locais, festivais de quadrilhas e atividades culturais que fomentam a cultura nordestina. A \u201cArrai\u00e1 do Interior\u201d tamb\u00e9m promove um consider\u00e1vel aquecimento na economia dos munic\u00edpios envolvidos, proporcionando a gera\u00e7\u00e3o de renda para diversas fam\u00edlias.<\/p>\n<p>Veja abaixo a programa\u00e7\u00e3o.<\/p>\n<p>Curral de Cima:<\/p>\n<p>Dia 29\/05- shows com Iguinho e Lulinha, Luciano Xote Show e Danieze Santiago.<\/p>\n<p>Dia 27\/06- Festival de quadrilha<\/p>\n<p>Duas Estradas:<\/p>\n<p>Dia 21\/05- Os 03 do Nordeste e Helayne Cristini<\/p>\n<p>Dia 06\/06- Alceu Valen\u00e7a e Dany Xavier<\/p>\n<p>Dia 23\/06- Tet\u00ea Pessoa com Circuito musical e Forr\u00f3 da Live<\/p>\n<p>Lagoa de Dentro:<\/p>\n<p>Dia 12\/06- Arrast\u00e3o Junino com muito forr\u00f3 p\u00e9 de serra<\/p>\n<p>Dia 13\/06- Unidos do Forr\u00f3, Roberto Cantor e Danieze Santiago<\/p>\n<p>Dia 20\/06- Segundo festival de quadrilhas juninas.<\/p>\n<p>Logradouro:<\/p>\n<p>Dia 16\/06- Forr\u00f3 da farra na Vila Nova descoberta<\/p>\n<p>Dia 19\/06- Simara Pires, gabriel Rabelo<\/p>\n<p>Serra da Raiz:<\/p>\n<p>Dia 20\/06- Fl\u00e1vio Jos\u00e9, Fogo na Roupa e Os Barbosas<\/p>\n<p>Dia 22\/06- Claudiney e Juliana, Duquinha<\/p>\n<p>Dia 23\/06- Os 3 do Nordeste e Forr\u00f3 Medoin<\/p>\n<p>Pedro R\u00e9gis:<\/p>\n<p>Dia 14\/06- Forr\u00f3 no s\u00edtio barro vermelho com Os Nordestinos e Forr\u00f3 Nadela<\/p>\n<p>Dia 27\/06- Forr\u00f3 no s\u00edtio Cuit\u00e9 com Alexandre Carvalho e Os tr\u00eas do chamego<\/p>\n<p>Dia 03\/07- A Deusa do Forr\u00f3, Resenha de vaquejada com Canina, Juarez e Assum Preto.<\/p>\n<p>Dia 18\/07- Festival de Quadrilha<\/p>\n<p>Cai\u00e7ara:<\/p>\n<p>09\/07- Festival de Quadrilha<\/p>\n<p>Dia 10\/07- Alcimar Monteiro e Luka Bass<\/p>\n<p>Dia 11\/07- Fogo na Roupa e Th\u00falio Milion\u00e1rio<\/p>\n<p>Sert\u00e3ozinho:<\/p>\n<p>Dia 24\/07- Mano Walter e Everson F\u00e9lix<\/p>\n<p>Dia 25\/07- Festival de quadrilhas<\/p>\n<p>Jacara\u00fa:<\/p>\n<p>Dia 20\/07- Arrai\u00e1 p\u00e9 quente no timb\u00f3 com Gerson Thor, Raynel Guedes e Thiago Fernandes<\/p>\n<p>Dia 01\/08- Alvinho, Quarteto nordestino, Lim\u00e3o com mel e Mari Fernandes.<\/p>\n","protected":false},"excerpt":{"rendered":"<p>Os destaques da programa\u00e7\u00e3o da festa s\u00e3o os shows de Flavio Jos\u00e9, Alceu Valen\u00e7a, Alcimar Monteiro, Mari Fernandes e Iguinho e Lulinha Nesta segunda (27), na cidade de Sert\u00e3ozinho, foi divulgada a programa\u00e7\u00e3o do \u2018Arrai\u00e1 do Interior\u2019. O evento \u00e9 um roteiro que percorre nove cidades que realizam o maior roteiro junino do interior da<\/p>\n","protected":false},"author":5,"featured_media":60324,"comment_status":"open","ping_status":"open","sticky":false,"template":"","format":"standard","meta":{"_eb_attr":"","footnotes":""},"categories":[1378,7,9],"tags":[],"class_list":["post-60323","post","type-post","status-publish","format-standard","has-post-thumbnail","hentry","category-cultura-cultura","category-destaque","category-entretenimento"],"_links":{"self":[{"href":"https:\/\/portalmidia.net\/index.php\/wp-json\/wp\/v2\/posts\/60323","targetHints":{"allow":["GET"]}}],"collection":[{"href":"https:\/\/portalmidia.net\/index.php\/wp-json\/wp\/v2\/posts"}],"about":[{"href":"https:\/\/portalmidia.net\/index.php\/wp-json\/wp\/v2\/types\/post"}],"author":[{"embeddable":true,"href":"https:\/\/portalmidia.net\/index.php\/wp-json\/wp\/v2\/users\/5"}],"replies":[{"embeddable":true,"href":"https:\/\/portalmidia.net\/index.php\/wp-json\/wp\/v2\/comments?post=60323"}],"version-history":[{"count":1,"href":"https:\/\/portalmidia.net\/index.php\/wp-json\/wp\/v2\/posts\/60323\/revisions"}],"predecessor-version":[{"id":60326,"href":"https:\/\/portalmidia.net\/index.php\/wp-json\/wp\/v2\/posts\/60323\/revisions\/60326"}],"wp:featuredmedia":[{"embeddable":true,"href":"https:\/\/portalmidia.net\/index.php\/wp-json\/wp\/v2\/media\/60324"}],"wp:attachment":[{"href":"https:\/\/portalmidia.net\/index.php\/wp-json\/wp\/v2\/media?parent=60323"}],"wp:term":[{"taxonomy":"category","embeddable":true,"href":"https:\/\/portalmidia.net\/index.php\/wp-json\/wp\/v2\/categories?post=60323"},{"taxonomy":"post_tag","embeddable":true,"href":"https:\/\/portalmidia.net\/index.php\/wp-json\/wp\/v2\/tags?post=60323"}],"curies":[{"name":"wp","href":"https:\/\/api.w.org\/{rel}","templated":true}]}}