 {"id":60333,"date":"2026-04-28T11:06:03","date_gmt":"2026-04-28T14:06:03","guid":{"rendered":"https:\/\/portalmidia.net\/?p=60333"},"modified":"2026-04-28T11:06:03","modified_gmt":"2026-04-28T14:06:03","slug":"tiberio-limeira-destaca-continuidade-do-projeto-coletivo-no-primeiro-mes-da-gestao-de-lucas-ribeiro","status":"publish","type":"post","link":"https:\/\/portalmidia.net\/index.php\/2026\/04\/28\/tiberio-limeira-destaca-continuidade-do-projeto-coletivo-no-primeiro-mes-da-gestao-de-lucas-ribeiro\/","title":{"rendered":"Tib\u00e9rio Limeira destaca continuidade do projeto coletivo no primeiro m\u00eas da gest\u00e3o de Lucas Ribeiro"},"content":{"rendered":"<p>Tib\u00e9rio Limeira, avaliou de forma positiva o primeiro m\u00eas da gest\u00e3o do governador Lucas Ribeiro durante entrevista concedida nesta segunda (27) no Programa Arapuan Verdade. Para o pr\u00e9 candidato a deputado estadual, a postura de Lucas confirma expectativas.<\/p>\n<p>Segundo Tib\u00e9rio, nunca houve d\u00favidas dentro do grupo sobre a condu\u00e7\u00e3o que seria adotada por Lucas \u00e0 frente da gest\u00e3o estadual. \u201cNunca pairou d\u00favida, nem na minha cabe\u00e7a nem na cabe\u00e7a do governador Jo\u00e3o, sobre como seria o comportamento de Lucas na gest\u00e3o. Esses primeiros dias s\u00f3 confirmam isso. Somos um projeto coletivo\u201d, afirmou.<\/p>\n<p>Tib\u00e9rio destacou ainda que a prepara\u00e7\u00e3o de Lucas Ribeiro para assumir maiores responsabilidades vem desde o per\u00edodo em que ocupava a vice-governadoria. \u201cDesde que assumiu como vice de Jo\u00e3o, Lucas j\u00e1 vinha sendo preparado para dar seguimento a esse processo de gest\u00e3o, com responsabilidade e compromisso com os resultados\u201d, completou.<\/p>\n<p>Tib\u00e9rio tamb\u00e9m comentou sobre a pol\u00edtica interna da base, ressaltando que a disputa por espa\u00e7os \u00e9 parte natural de qualquer gest\u00e3o. \u201cA disputa por espa\u00e7o dentro do governo \u00e9 natural e faz parte do processo democr\u00e1tico. O importante \u00e9 que todos estejam alinhados com o prop\u00f3sito maior, que \u00e9 fazer o projeto avan\u00e7ar\u201d, pontuou.<\/p>\n","protected":false},"excerpt":{"rendered":"<p>Tib\u00e9rio Limeira, avaliou de forma positiva o primeiro m\u00eas da gest\u00e3o do governador Lucas Ribeiro durante entrevista concedida nesta segunda (27) no Programa Arapuan Verdade. Para o pr\u00e9 candidato a deputado estadual, a postura de Lucas confirma expectativas. Segundo Tib\u00e9rio, nunca houve d\u00favidas dentro do grupo sobre a condu\u00e7\u00e3o que seria adotada por Lucas \u00e0<\/p>\n","protected":false},"author":5,"featured_media":60334,"comment_status":"open","ping_status":"open","sticky":false,"template":"","format":"standard","meta":{"_eb_attr":"","footnotes":""},"categories":[3],"tags":[],"class_list":["post-60333","post","type-post","status-publish","format-standard","has-post-thumbnail","hentry","category-politica"],"_links":{"self":[{"href":"https:\/\/portalmidia.net\/index.php\/wp-json\/wp\/v2\/posts\/60333","targetHints":{"allow":["GET"]}}],"collection":[{"href":"https:\/\/portalmidia.net\/index.php\/wp-json\/wp\/v2\/posts"}],"about":[{"href":"https:\/\/portalmidia.net\/index.php\/wp-json\/wp\/v2\/types\/post"}],"author":[{"embeddable":true,"href":"https:\/\/portalmidia.net\/index.php\/wp-json\/wp\/v2\/users\/5"}],"replies":[{"embeddable":true,"href":"https:\/\/portalmidia.net\/index.php\/wp-json\/wp\/v2\/comments?post=60333"}],"version-history":[{"count":1,"href":"https:\/\/portalmidia.net\/index.php\/wp-json\/wp\/v2\/posts\/60333\/revisions"}],"predecessor-version":[{"id":60335,"href":"https:\/\/portalmidia.net\/index.php\/wp-json\/wp\/v2\/posts\/60333\/revisions\/60335"}],"wp:featuredmedia":[{"embeddable":true,"href":"https:\/\/portalmidia.net\/index.php\/wp-json\/wp\/v2\/media\/60334"}],"wp:attachment":[{"href":"https:\/\/portalmidia.net\/index.php\/wp-json\/wp\/v2\/media?parent=60333"}],"wp:term":[{"taxonomy":"category","embeddable":true,"href":"https:\/\/portalmidia.net\/index.php\/wp-json\/wp\/v2\/categories?post=60333"},{"taxonomy":"post_tag","embeddable":true,"href":"https:\/\/portalmidia.net\/index.php\/wp-json\/wp\/v2\/tags?post=60333"}],"curies":[{"name":"wp","href":"https:\/\/api.w.org\/{rel}","templated":true}]}}