 {"id":60343,"date":"2026-04-28T23:09:35","date_gmt":"2026-04-29T02:09:35","guid":{"rendered":"https:\/\/portalmidia.net\/?p=60343"},"modified":"2026-04-28T23:09:35","modified_gmt":"2026-04-29T02:09:35","slug":"pirpirituba-celebra-o-dia-da-educacao-destacando-avancos-e-conquistas-no-ensino-municipal","status":"publish","type":"post","link":"https:\/\/portalmidia.net\/index.php\/2026\/04\/28\/pirpirituba-celebra-o-dia-da-educacao-destacando-avancos-e-conquistas-no-ensino-municipal\/","title":{"rendered":"\u00a0Pirpirituba celebra o Dia da Educa\u00e7\u00e3o destacando avan\u00e7os e conquistas no ensino municipal"},"content":{"rendered":"<p>Neste Dia da Educa\u00e7\u00e3o, o munic\u00edpio de Pirpirituba tem motivos de sobra para comemorar. A gest\u00e3o municipal, por meio da Secretaria de Educa\u00e7\u00e3o, vem consolidando um trabalho cont\u00ednuo de fortalecimento do ensino, com investimentos em qualidade pedag\u00f3gica, inclus\u00e3o e valoriza\u00e7\u00e3o dos profissionais da \u00e1rea. Nos \u00faltimos anos, a educa\u00e7\u00e3o de Pirpirituba tem se destacado por importantes conquistas, como o avan\u00e7o nos indicadores de aprendizagem, reconhecimento em avalia\u00e7\u00f5es educacionais e participa\u00e7\u00e3o em programas e premia\u00e7\u00f5es que evidenciam o compromisso do munic\u00edpio com o futuro dos estudantes.<\/p>\n<p>Projetos voltados \u00e0 inclus\u00e3o, como iniciativas que incentivam o uso da L\u00edngua Brasileira de Sinais (Libras), aula de m\u00fasica e esportes, al\u00e9m de a\u00e7\u00f5es inovadoras em sala de aula refor\u00e7am o cuidado com uma educa\u00e7\u00e3o mais acess\u00edvel e humanizada.Novas tecnologias foram agregadas a sala de aula, com disciplina como rob\u00f3tica e educa\u00e7\u00e3o financeira. Durante as aulas os alunos tem acesso a aulas com equipamentos em 3d, mapoteca e realidade aumentada.<\/p>\n<p>A secret\u00e1ria de Educa\u00e7\u00e3o, D\u00e1cia Sim\u00f5es, ressalta que os resultados s\u00e3o fruto de um trabalho coletivo: \u201cCelebrar o Dia da Educa\u00e7\u00e3o \u00e9 reconhecer o esfor\u00e7o di\u00e1rio de toda a nossa rede, professores, gestores, alunos e fam\u00edlias. Cada conquista que alcan\u00e7amos \u00e9 resultado de planejamento, dedica\u00e7\u00e3o e, principalmente, do compromisso com uma educa\u00e7\u00e3o p\u00fablica de qualidade para todos.\u201d<\/p>\n<p>O prefeito Danilo Rocha tamb\u00e9m destacou o papel estrat\u00e9gico da educa\u00e7\u00e3o no desenvolvimento do munic\u00edpio: \u201cA educa\u00e7\u00e3o \u00e9 a base de tudo. Temos investido com responsabilidade e vis\u00e3o de futuro, buscando sempre melhorar a estrutura das escolas, valorizar os profissionais e garantir oportunidades para nossas crian\u00e7as e jovens. As premia\u00e7\u00f5es e reconhecimentos que recebemos mostram que estamos no caminho certo.\u201dAl\u00e9m dos avan\u00e7os pedag\u00f3gicos, a gest\u00e3o tem promovido melhorias na infraestrutura escolar, forma\u00e7\u00e3o continuada para educadores, aquisi\u00e7\u00e3o de equipamentos e materiais novos e projetos culturais e sociais que fortalecem o v\u00ednculo dos estudantes com a escola.<\/p>\n<p>Neste 28 de abril, Pirpirituba reafirma seu compromisso com a educa\u00e7\u00e3o como ferramenta de transforma\u00e7\u00e3o social, celebrando conquistas e renovando o olhar para novos desafios e oportunidades.<\/p>\n","protected":false},"excerpt":{"rendered":"<p>Neste Dia da Educa\u00e7\u00e3o, o munic\u00edpio de Pirpirituba tem motivos de sobra para comemorar. A gest\u00e3o municipal, por meio da Secretaria de Educa\u00e7\u00e3o, vem consolidando um trabalho cont\u00ednuo de fortalecimento do ensino, com investimentos em qualidade pedag\u00f3gica, inclus\u00e3o e valoriza\u00e7\u00e3o dos profissionais da \u00e1rea. Nos \u00faltimos anos, a educa\u00e7\u00e3o de Pirpirituba tem se destacado por<\/p>\n","protected":false},"author":5,"featured_media":60344,"comment_status":"open","ping_status":"open","sticky":false,"template":"","format":"standard","meta":{"_eb_attr":"","footnotes":""},"categories":[7],"tags":[1471,1470,1473,1472],"class_list":["post-60343","post","type-post","status-publish","format-standard","has-post-thumbnail","hentry","category-destaque","tag-dia-da-educacao","tag-pirpirituba-pb","tag-prefeito-danilo-rocha","tag-prefeiura"],"_links":{"self":[{"href":"https:\/\/portalmidia.net\/index.php\/wp-json\/wp\/v2\/posts\/60343","targetHints":{"allow":["GET"]}}],"collection":[{"href":"https:\/\/portalmidia.net\/index.php\/wp-json\/wp\/v2\/posts"}],"about":[{"href":"https:\/\/portalmidia.net\/index.php\/wp-json\/wp\/v2\/types\/post"}],"author":[{"embeddable":true,"href":"https:\/\/portalmidia.net\/index.php\/wp-json\/wp\/v2\/users\/5"}],"replies":[{"embeddable":true,"href":"https:\/\/portalmidia.net\/index.php\/wp-json\/wp\/v2\/comments?post=60343"}],"version-history":[{"count":1,"href":"https:\/\/portalmidia.net\/index.php\/wp-json\/wp\/v2\/posts\/60343\/revisions"}],"predecessor-version":[{"id":60345,"href":"https:\/\/portalmidia.net\/index.php\/wp-json\/wp\/v2\/posts\/60343\/revisions\/60345"}],"wp:featuredmedia":[{"embeddable":true,"href":"https:\/\/portalmidia.net\/index.php\/wp-json\/wp\/v2\/media\/60344"}],"wp:attachment":[{"href":"https:\/\/portalmidia.net\/index.php\/wp-json\/wp\/v2\/media?parent=60343"}],"wp:term":[{"taxonomy":"category","embeddable":true,"href":"https:\/\/portalmidia.net\/index.php\/wp-json\/wp\/v2\/categories?post=60343"},{"taxonomy":"post_tag","embeddable":true,"href":"https:\/\/portalmidia.net\/index.php\/wp-json\/wp\/v2\/tags?post=60343"}],"curies":[{"name":"wp","href":"https:\/\/api.w.org\/{rel}","templated":true}]}}