 {"id":60346,"date":"2026-04-28T23:13:56","date_gmt":"2026-04-29T02:13:56","guid":{"rendered":"https:\/\/portalmidia.net\/?p=60346"},"modified":"2026-04-28T23:13:56","modified_gmt":"2026-04-29T02:13:56","slug":"tenente-coronel-acusado-de-matar-esposa-sera-julgado-na-justica-comum","status":"publish","type":"post","link":"https:\/\/portalmidia.net\/index.php\/2026\/04\/28\/tenente-coronel-acusado-de-matar-esposa-sera-julgado-na-justica-comum\/","title":{"rendered":"Tenente-coronel acusado de matar esposa ser\u00e1 julgado na justi\u00e7a comum"},"content":{"rendered":"<p>O tenente-coronel Geraldo Leite Rosa Neto,\u00a0acusado da morte de sua esposa, a policial militar Gisele Alves Santana, ser\u00e1 julgado na justi\u00e7a comum. A decis\u00e3o \u00e9 do ministro Reinaldo Soares, do Supremo Tribunal de Justi\u00e7a (STJ).<\/p>\n<p>Soares havia solicitado esclarecimento, no \u00faltimo dia 17, ao Ju\u00edzo de Direito da 5\u00aa Vara do Tribunal do J\u00fari da Comarca de S\u00e3o Paulo, \u00e0 qual foi oferecida den\u00fancia pelo Minist\u00e9rio P\u00fablico Estadual.<\/p>\n<p>O tenente-coronel ser\u00e1 julgado por feminic\u00eddio.<\/p>\n<p>&#8220;Ao definir a compet\u00eancia, o relator aplicou o entendimento recente da Terceira Se\u00e7\u00e3o do STJ segundo o qual crimes dolosos contra a vida praticados por militares s\u00f3 se submetem \u00e0 Justi\u00e7a Militar quando houver v\u00ednculo direto com a atividade castrense e com a tutela da hierarquia e da disciplina. Ausente esse nexo funcional, prevalece a compet\u00eancia do Tribunal do J\u00fari&#8221;, informou o STJ.<br \/>\nNesta ter\u00e7a-feira (28), o advogado que representa a fam\u00edlia de Gisele, Jos\u00e9 Miguel da Silva Junior, disse que a fam\u00edlia sempre defendeu que a morte n\u00e3o se trata de um crime da esfera militar. A decis\u00e3o de Soares ser\u00e1 publicada na pr\u00f3xima quinta-feira (30).<\/p>\n<p>&nbsp;<\/p>\n<p>&nbsp;<\/p>\n<p>&nbsp;<\/p>\n<p>Ag\u00eancia Brasil<\/p>\n","protected":false},"excerpt":{"rendered":"<p>O tenente-coronel Geraldo Leite Rosa Neto,\u00a0acusado da morte de sua esposa, a policial militar Gisele Alves Santana, ser\u00e1 julgado na justi\u00e7a comum. A decis\u00e3o \u00e9 do ministro Reinaldo Soares, do Supremo Tribunal de Justi\u00e7a (STJ). Soares havia solicitado esclarecimento, no \u00faltimo dia 17, ao Ju\u00edzo de Direito da 5\u00aa Vara do Tribunal do J\u00fari da<\/p>\n","protected":false},"author":5,"featured_media":60347,"comment_status":"open","ping_status":"open","sticky":false,"template":"","format":"standard","meta":{"_eb_attr":"","footnotes":""},"categories":[7,2],"tags":[464,1474],"class_list":["post-60346","post","type-post","status-publish","format-standard","has-post-thumbnail","hentry","category-destaque","category-policial","tag-feminicidio","tag-tenente-coronel"],"_links":{"self":[{"href":"https:\/\/portalmidia.net\/index.php\/wp-json\/wp\/v2\/posts\/60346","targetHints":{"allow":["GET"]}}],"collection":[{"href":"https:\/\/portalmidia.net\/index.php\/wp-json\/wp\/v2\/posts"}],"about":[{"href":"https:\/\/portalmidia.net\/index.php\/wp-json\/wp\/v2\/types\/post"}],"author":[{"embeddable":true,"href":"https:\/\/portalmidia.net\/index.php\/wp-json\/wp\/v2\/users\/5"}],"replies":[{"embeddable":true,"href":"https:\/\/portalmidia.net\/index.php\/wp-json\/wp\/v2\/comments?post=60346"}],"version-history":[{"count":1,"href":"https:\/\/portalmidia.net\/index.php\/wp-json\/wp\/v2\/posts\/60346\/revisions"}],"predecessor-version":[{"id":60348,"href":"https:\/\/portalmidia.net\/index.php\/wp-json\/wp\/v2\/posts\/60346\/revisions\/60348"}],"wp:featuredmedia":[{"embeddable":true,"href":"https:\/\/portalmidia.net\/index.php\/wp-json\/wp\/v2\/media\/60347"}],"wp:attachment":[{"href":"https:\/\/portalmidia.net\/index.php\/wp-json\/wp\/v2\/media?parent=60346"}],"wp:term":[{"taxonomy":"category","embeddable":true,"href":"https:\/\/portalmidia.net\/index.php\/wp-json\/wp\/v2\/categories?post=60346"},{"taxonomy":"post_tag","embeddable":true,"href":"https:\/\/portalmidia.net\/index.php\/wp-json\/wp\/v2\/tags?post=60346"}],"curies":[{"name":"wp","href":"https:\/\/api.w.org\/{rel}","templated":true}]}}