 {"id":60349,"date":"2026-04-28T23:17:41","date_gmt":"2026-04-29T02:17:41","guid":{"rendered":"https:\/\/portalmidia.net\/?p=60349"},"modified":"2026-04-28T23:17:41","modified_gmt":"2026-04-29T02:17:41","slug":"sp-confirma-segundo-caso-importado-de-sarampo-homem-de-42-anos-mora-na-guatemala-e-havia-sido-vacinado","status":"publish","type":"post","link":"https:\/\/portalmidia.net\/index.php\/2026\/04\/28\/sp-confirma-segundo-caso-importado-de-sarampo-homem-de-42-anos-mora-na-guatemala-e-havia-sido-vacinado\/","title":{"rendered":"SP confirma segundo caso importado de sarampo; Homem de 42 anos mora na Guatemala e havia sido vacinado"},"content":{"rendered":"<p>A Secretaria Estadual da Sa\u00fade de S\u00e3o Paulo confirmou nesta ter\u00e7a-feira\u00a0(28) o segundo caso importado de sarampo no territ\u00f3rio paulista. De acordo com a pasta, o paciente \u00e9 um homem de 42 anos, morador da Guatemala e que tem hist\u00f3rico de vacina\u00e7\u00e3o.<\/p>\n<p>O caso foi identificado no final de mar\u00e7o, na cidade de S\u00e3o Paulo, e depois confirmado por exames laboratoriais. O estado de sa\u00fade do paciente n\u00e3o foi informado.<\/p>\n<p>Este \u00e9 o segundo caso importado de sarampo, ou seja, sem transmiss\u00e3o local do v\u00edrus, identificado no estado de S\u00e3o Paulo em 2026. O\u00a0primeiro caso\u00a0do ano foi o de um beb\u00ea de seis meses que n\u00e3o foi vacinado e\u00a0esteve na Bol\u00edvia em janeiro.\u00a0Em todo o ano passado foram registrados dois casos importados da doen\u00e7a em S\u00e3o Paulo.<\/p>\n<p>Segundo a Organiza\u00e7\u00e3o Pan-Americana da Sa\u00fade (Opas), os pa\u00edses da Am\u00e9rica continuam enfrentando a doen\u00e7a. No ano passado, por exemplo, 14.767 registros de sarampo foram confirmados\u00a0em 13 pa\u00edses das Am\u00e9ricas.\u00a0S\u00f3 neste ano\u00a0foram confirmados 15,3 mil casos, sendo que M\u00e9xico Guatemala, Estados Unidos e Canad\u00e1 respondem pela maioria deles.<\/p>\n<p><strong>Sarampo<\/strong><\/p>\n<p>O sarampo \u00e9 uma doen\u00e7a infecciosa altamente contagiosa e que j\u00e1 foi uma das principais causas de mortalidade infantil no mundo. A transmiss\u00e3o do v\u00edrus ocorre de pessoa a pessoa, por via a\u00e9rea, seja ao tossir, espirrar, falar ou respirar.<\/p>\n<p>O sarampo \u00e9 t\u00e3o contagioso que uma pessoa infectada pode transmitir a doen\u00e7a para 90% das pessoas pr\u00f3ximas e que n\u00e3o estejam imunes.\u00a0Por isso, a vacina\u00e7\u00e3o contra o sarampo \u00e9 extremamente importante. A vacina\u00e7\u00e3o \u00e9 a principal forma de preven\u00e7\u00e3o contra a doen\u00e7a.<\/p>\n<p>Os principais sintomas da doen\u00e7a s\u00e3o manchas vermelhas no corpo e febre alta, acima de 38,5\u00baC, acompanhada de tosse, conjuntivite, nariz escorrendo ou mal-estar intenso. Os casos podem evoluir para complica\u00e7\u00f5es graves podendo causar diarreia intensa, infec\u00e7\u00f5es de ouvido, cegueira, pneumonia e encefalite (inflama\u00e7\u00e3o do c\u00e9rebro). Algumas dessas complica\u00e7\u00f5es podem ser fatais.<\/p>\n<p>A vacina\u00e7\u00e3o contra o sarampo faz parte do Calend\u00e1rio Nacional de Vacina\u00e7\u00e3o. A primeira dose deve ser aplicada aos 12 meses de idade (tr\u00edplice viral \u2013 sarampo, caxumba e rub\u00e9ola) e a segunda aos 15 meses (tetra viral \u2013 sarampo, caxumba, rub\u00e9ola e varicela).<\/p>\n","protected":false},"excerpt":{"rendered":"<p>A Secretaria Estadual da Sa\u00fade de S\u00e3o Paulo confirmou nesta ter\u00e7a-feira\u00a0(28) o segundo caso importado de sarampo no territ\u00f3rio paulista. De acordo com a pasta, o paciente \u00e9 um homem de 42 anos, morador da Guatemala e que tem hist\u00f3rico de vacina\u00e7\u00e3o. O caso foi identificado no final de mar\u00e7o, na cidade de S\u00e3o Paulo,<\/p>\n","protected":false},"author":5,"featured_media":60350,"comment_status":"open","ping_status":"open","sticky":false,"template":"","format":"standard","meta":{"_eb_attr":"","footnotes":""},"categories":[5],"tags":[1193,640],"class_list":["post-60349","post","type-post","status-publish","format-standard","has-post-thumbnail","hentry","category-saude","tag-sarampo","tag-vacina"],"_links":{"self":[{"href":"https:\/\/portalmidia.net\/index.php\/wp-json\/wp\/v2\/posts\/60349","targetHints":{"allow":["GET"]}}],"collection":[{"href":"https:\/\/portalmidia.net\/index.php\/wp-json\/wp\/v2\/posts"}],"about":[{"href":"https:\/\/portalmidia.net\/index.php\/wp-json\/wp\/v2\/types\/post"}],"author":[{"embeddable":true,"href":"https:\/\/portalmidia.net\/index.php\/wp-json\/wp\/v2\/users\/5"}],"replies":[{"embeddable":true,"href":"https:\/\/portalmidia.net\/index.php\/wp-json\/wp\/v2\/comments?post=60349"}],"version-history":[{"count":1,"href":"https:\/\/portalmidia.net\/index.php\/wp-json\/wp\/v2\/posts\/60349\/revisions"}],"predecessor-version":[{"id":60351,"href":"https:\/\/portalmidia.net\/index.php\/wp-json\/wp\/v2\/posts\/60349\/revisions\/60351"}],"wp:featuredmedia":[{"embeddable":true,"href":"https:\/\/portalmidia.net\/index.php\/wp-json\/wp\/v2\/media\/60350"}],"wp:attachment":[{"href":"https:\/\/portalmidia.net\/index.php\/wp-json\/wp\/v2\/media?parent=60349"}],"wp:term":[{"taxonomy":"category","embeddable":true,"href":"https:\/\/portalmidia.net\/index.php\/wp-json\/wp\/v2\/categories?post=60349"},{"taxonomy":"post_tag","embeddable":true,"href":"https:\/\/portalmidia.net\/index.php\/wp-json\/wp\/v2\/tags?post=60349"}],"curies":[{"name":"wp","href":"https:\/\/api.w.org\/{rel}","templated":true}]}}