 {"id":60352,"date":"2026-04-28T23:21:19","date_gmt":"2026-04-29T02:21:19","guid":{"rendered":"https:\/\/portalmidia.net\/?p=60352"},"modified":"2026-04-28T23:21:19","modified_gmt":"2026-04-29T02:21:19","slug":"tse-tem-maioria-para-cassar-mandato-do-governador-de-roraima-julgamento-foi-suspenso-e-sera-retomado-na-proxima-quinta-feira","status":"publish","type":"post","link":"https:\/\/portalmidia.net\/index.php\/2026\/04\/28\/tse-tem-maioria-para-cassar-mandato-do-governador-de-roraima-julgamento-foi-suspenso-e-sera-retomado-na-proxima-quinta-feira\/","title":{"rendered":"TSE tem maioria para cassar mandato do governador de Roraima; Julgamento foi suspenso e ser\u00e1 retomado na pr\u00f3xima quinta-feira"},"content":{"rendered":"<p>O Tribunal Superior Eleitoral (TSE) formou nesta ter\u00e7a-feira (28) maioria de votos para cassar o mandato do governador de Roraima, Edilson Dami\u00e3o (Uni\u00e3o), e determinar a realiza\u00e7\u00e3o de novas elei\u00e7\u00f5es no estado.<\/p>\n<p>Na mesma sess\u00e3o, o tribunal tamb\u00e9m formou maioria para tornar o ex-governador Antonio Denarium (Republicanos) ineleg\u00edvel pelo prazo de oito anos.<\/p>\n<p>Apesar do entendimento, o julgamento foi suspenso e ser\u00e1 retomado na pr\u00f3xima quinta-feira (30), quando o resultado deve ser proclamado.<\/p>\n<p>At\u00e9 o momento, o TSE entendeu que a chapa que elegeu os pol\u00edticos cometeu abuso de poder durante a campanha eleitoral de 2022.<\/p>\n<p>O tribunal negou um recurso protocolado pela defesa de Denarium. Em 2023, o Tribunal Regional Eleitoral de Roraima\u00a0(TRE-RR) cassou os mandatos de Denarium e Dami\u00e3o por entender que houve ilegalidade na distribui\u00e7\u00e3o de cestas b\u00e1sicas e benef\u00edcios para reforma de casas durante o ano eleitoral.<\/p>\n<p>No in\u00edcio deste m\u00eas, Denarium, que foi eleito governador,\u00a0deixou o cargo para cumprir o prazo de desincompatibiliza\u00e7\u00e3o\u00a0e se candidatar ao Senado.<\/p>\n<p>Com a sa\u00edda, Dami\u00e3o, que era vice-governador, assumiu o comando o governo estadual.<\/p>\n<h3><strong>Defesa<\/strong><\/h3>\n<p>Durante a tramita\u00e7\u00e3o do processo, a defesa do ex-governador Denarium pediu a anula\u00e7\u00e3o da decis\u00e3o que cassou o mandato e disse que n\u00e3o houve irregularidades na distribui\u00e7\u00e3o dos benef\u00edcios. Segundo os advogados, n\u00e3o houve a cria\u00e7\u00e3o de novos\u00a0programas sociais, mas a reuni\u00e3o dos j\u00e1 existentes.<\/p>\n<p>&nbsp;<\/p>\n<p>&nbsp;<\/p>\n<p>Ag\u00eancia Brasil<\/p>\n","protected":false},"excerpt":{"rendered":"<p>O Tribunal Superior Eleitoral (TSE) formou nesta ter\u00e7a-feira (28) maioria de votos para cassar o mandato do governador de Roraima, Edilson Dami\u00e3o (Uni\u00e3o), e determinar a realiza\u00e7\u00e3o de novas elei\u00e7\u00f5es no estado. Na mesma sess\u00e3o, o tribunal tamb\u00e9m formou maioria para tornar o ex-governador Antonio Denarium (Republicanos) ineleg\u00edvel pelo prazo de oito anos. Apesar do<\/p>\n","protected":false},"author":5,"featured_media":60353,"comment_status":"open","ping_status":"open","sticky":false,"template":"","format":"standard","meta":{"_eb_attr":"","footnotes":""},"categories":[3],"tags":[1478,1477,554,1476,1475],"class_list":["post-60352","post","type-post","status-publish","format-standard","has-post-thumbnail","hentry","category-politica","tag-antonio-denarium","tag-governador-cassado","tag-justica-eleitoral","tag-roraima","tag-tse"],"_links":{"self":[{"href":"https:\/\/portalmidia.net\/index.php\/wp-json\/wp\/v2\/posts\/60352","targetHints":{"allow":["GET"]}}],"collection":[{"href":"https:\/\/portalmidia.net\/index.php\/wp-json\/wp\/v2\/posts"}],"about":[{"href":"https:\/\/portalmidia.net\/index.php\/wp-json\/wp\/v2\/types\/post"}],"author":[{"embeddable":true,"href":"https:\/\/portalmidia.net\/index.php\/wp-json\/wp\/v2\/users\/5"}],"replies":[{"embeddable":true,"href":"https:\/\/portalmidia.net\/index.php\/wp-json\/wp\/v2\/comments?post=60352"}],"version-history":[{"count":1,"href":"https:\/\/portalmidia.net\/index.php\/wp-json\/wp\/v2\/posts\/60352\/revisions"}],"predecessor-version":[{"id":60354,"href":"https:\/\/portalmidia.net\/index.php\/wp-json\/wp\/v2\/posts\/60352\/revisions\/60354"}],"wp:featuredmedia":[{"embeddable":true,"href":"https:\/\/portalmidia.net\/index.php\/wp-json\/wp\/v2\/media\/60353"}],"wp:attachment":[{"href":"https:\/\/portalmidia.net\/index.php\/wp-json\/wp\/v2\/media?parent=60352"}],"wp:term":[{"taxonomy":"category","embeddable":true,"href":"https:\/\/portalmidia.net\/index.php\/wp-json\/wp\/v2\/categories?post=60352"},{"taxonomy":"post_tag","embeddable":true,"href":"https:\/\/portalmidia.net\/index.php\/wp-json\/wp\/v2\/tags?post=60352"}],"curies":[{"name":"wp","href":"https:\/\/api.w.org\/{rel}","templated":true}]}}