 {"id":60355,"date":"2026-04-28T23:41:52","date_gmt":"2026-04-29T02:41:52","guid":{"rendered":"https:\/\/portalmidia.net\/?p=60355"},"modified":"2026-04-28T23:44:09","modified_gmt":"2026-04-29T02:44:09","slug":"nesta-quarta-feira-29-cicero-lucena-participa-de-inauguracao-de-reforma-de-ginasio-do-colegio-osmar-de-aquino-em-guarabira","status":"publish","type":"post","link":"https:\/\/portalmidia.net\/index.php\/2026\/04\/28\/nesta-quarta-feira-29-cicero-lucena-participa-de-inauguracao-de-reforma-de-ginasio-do-colegio-osmar-de-aquino-em-guarabira\/","title":{"rendered":"Nesta quarta-feira (29): C\u00edcero Lucena participa de inaugura\u00e7\u00e3o de reforma de gin\u00e1sio do col\u00e9gio Osmar de Aquino, em Guarabira"},"content":{"rendered":"<p>Nesta quarta-feira (29) a Prefeitura de Guarabira entrega o gin\u00e1sio do Col\u00e9gio Osmar de Aquino, totalmente recuperado. Um espa\u00e7o importante de incentivo ao esporte e a educa\u00e7\u00e3o. Ser\u00e1 a partir 15 horas. De acordo com as informa\u00e7\u00f5es repassadas pela assessoria de comunica\u00e7\u00e3o da prefeitura, o pr\u00e9-candidado a governador C\u00edcero Lucena, dever\u00e1 prestigiar o evento, ao lado da prefeita L\u00e9a Toscano e da deputada Camila Toscano.<\/p>\n<p>Al\u00e9m da agenda em Guarabira, C\u00edcero ir\u00e1 a Sert\u00e3ozinho participar das festividades de emancipa\u00e7\u00e3o pol\u00edtica.<\/p>\n<p><img fetchpriority=\"high\" decoding=\"async\" class=\"aligncenter wp-image-60356 size-large\" src=\"https:\/\/portalmidia.net\/wp-content\/uploads\/2026\/04\/bdf97371-2a65-4d60-829e-0b4453c1b2cd-333x600.jpg\" alt=\"\" width=\"333\" height=\"600\" srcset=\"https:\/\/portalmidia.net\/wp-content\/uploads\/2026\/04\/bdf97371-2a65-4d60-829e-0b4453c1b2cd-333x600.jpg 333w, https:\/\/portalmidia.net\/wp-content\/uploads\/2026\/04\/bdf97371-2a65-4d60-829e-0b4453c1b2cd-167x300.jpg 167w, https:\/\/portalmidia.net\/wp-content\/uploads\/2026\/04\/bdf97371-2a65-4d60-829e-0b4453c1b2cd-768x1383.jpg 768w, https:\/\/portalmidia.net\/wp-content\/uploads\/2026\/04\/bdf97371-2a65-4d60-829e-0b4453c1b2cd-853x1536.jpg 853w, https:\/\/portalmidia.net\/wp-content\/uploads\/2026\/04\/bdf97371-2a65-4d60-829e-0b4453c1b2cd-1138x2048.jpg 1138w, https:\/\/portalmidia.net\/wp-content\/uploads\/2026\/04\/bdf97371-2a65-4d60-829e-0b4453c1b2cd.jpg 1422w\" sizes=\"(max-width: 333px) 100vw, 333px\" \/><\/p>\n","protected":false},"excerpt":{"rendered":"<p>Nesta quarta-feira (29) a Prefeitura de Guarabira entrega o gin\u00e1sio do Col\u00e9gio Osmar de Aquino, totalmente recuperado. Um espa\u00e7o importante de incentivo ao esporte e a educa\u00e7\u00e3o. Ser\u00e1 a partir 15 horas. De acordo com as informa\u00e7\u00f5es repassadas pela assessoria de comunica\u00e7\u00e3o da prefeitura, o pr\u00e9-candidado a governador C\u00edcero Lucena, dever\u00e1 prestigiar o evento, ao<\/p>\n","protected":false},"author":5,"featured_media":60357,"comment_status":"open","ping_status":"open","sticky":false,"template":"","format":"standard","meta":{"_eb_attr":"","footnotes":""},"categories":[3],"tags":[],"class_list":["post-60355","post","type-post","status-publish","format-standard","has-post-thumbnail","hentry","category-politica"],"_links":{"self":[{"href":"https:\/\/portalmidia.net\/index.php\/wp-json\/wp\/v2\/posts\/60355","targetHints":{"allow":["GET"]}}],"collection":[{"href":"https:\/\/portalmidia.net\/index.php\/wp-json\/wp\/v2\/posts"}],"about":[{"href":"https:\/\/portalmidia.net\/index.php\/wp-json\/wp\/v2\/types\/post"}],"author":[{"embeddable":true,"href":"https:\/\/portalmidia.net\/index.php\/wp-json\/wp\/v2\/users\/5"}],"replies":[{"embeddable":true,"href":"https:\/\/portalmidia.net\/index.php\/wp-json\/wp\/v2\/comments?post=60355"}],"version-history":[{"count":2,"href":"https:\/\/portalmidia.net\/index.php\/wp-json\/wp\/v2\/posts\/60355\/revisions"}],"predecessor-version":[{"id":60359,"href":"https:\/\/portalmidia.net\/index.php\/wp-json\/wp\/v2\/posts\/60355\/revisions\/60359"}],"wp:featuredmedia":[{"embeddable":true,"href":"https:\/\/portalmidia.net\/index.php\/wp-json\/wp\/v2\/media\/60357"}],"wp:attachment":[{"href":"https:\/\/portalmidia.net\/index.php\/wp-json\/wp\/v2\/media?parent=60355"}],"wp:term":[{"taxonomy":"category","embeddable":true,"href":"https:\/\/portalmidia.net\/index.php\/wp-json\/wp\/v2\/categories?post=60355"},{"taxonomy":"post_tag","embeddable":true,"href":"https:\/\/portalmidia.net\/index.php\/wp-json\/wp\/v2\/tags?post=60355"}],"curies":[{"name":"wp","href":"https:\/\/api.w.org\/{rel}","templated":true}]}}