 {"id":60366,"date":"2026-04-30T10:42:39","date_gmt":"2026-04-30T13:42:39","guid":{"rendered":"https:\/\/portalmidia.net\/?p=60366"},"modified":"2026-04-30T10:42:39","modified_gmt":"2026-04-30T13:42:39","slug":"prefeito-e-vice-de-bernardino-batista-ressaltam-sentimento-de-gratidao-do-povo-a-joao-azevedo-pelas-obras-no-municipio","status":"publish","type":"post","link":"https:\/\/portalmidia.net\/index.php\/2026\/04\/30\/prefeito-e-vice-de-bernardino-batista-ressaltam-sentimento-de-gratidao-do-povo-a-joao-azevedo-pelas-obras-no-municipio\/","title":{"rendered":"Prefeito e vice de Bernardino Batista ressaltam sentimento de gratid\u00e3o do povo a Jo\u00e3o Azev\u00eado pelas obras no munic\u00edpio"},"content":{"rendered":"<p>O prefeito de Bernardino Batista, Aldo Andrade (PSB), e o vice-prefeito Matheus Gomes (Republicanos) reafirmaram apoio \u00e0 pr\u00e9-candidatura de Jo\u00e3o Azev\u00eado (PSB) ao Senado Federal, destacando os investimentos realizados no munic\u00edpio e a parceria constru\u00edda ao longo dos \u00faltimos anos.<\/p>\n<p>Durante encontro com Jo\u00e3o, Aldo destacou a import\u00e2ncia das obras e pol\u00edticas p\u00fablicas que chegaram \u00e0 cidade, ressaltando o sentimento de gratid\u00e3o da popula\u00e7\u00e3o.<\/p>\n<p>\u201cEstamos aqui para agradecer pelas muitas a\u00e7\u00f5es que foram realizadas em Bernardino Batista. A palavra nesse momento \u00e9 gratid\u00e3o e reconhecimento por tudo que foi feito. E pode contar com o nosso apoio \u00e0 sua pr\u00e9-candidatura ao Senado\u201d, afirmou.<\/p>\n<p>Ao lado do prefeito, o vice-prefeito Matheus Gomes tamb\u00e9m refor\u00e7ou o apoio e destacou a continuidade da parceria em favor do munic\u00edpio.<\/p>\n<p>Ao comentar a manifesta\u00e7\u00e3o, Jo\u00e3o Azev\u00eado destacou que a presen\u00e7a de a\u00e7\u00f5es em munic\u00edpios de todas as regi\u00f5es demonstra a capacidade de articula\u00e7\u00e3o e de execu\u00e7\u00e3o constru\u00edda ao longo dos \u00faltimos anos.<\/p>\n<p>\u201cBernardino Batista \u00e9 um exemplo claro de como esse trabalho chegou a todos os munic\u00edpios, com a\u00e7\u00f5es que transformam a vida das pessoas. Esse reconhecimento refor\u00e7a a responsabilidade de continuar esse trabalho, agora com um novo desafio: o de levar essa experi\u00eancia para o Senado e ampliar a capacidade de garantir investimentos para todas as cidades da Para\u00edba\u201d, disse.<\/p>\n<p>A manifesta\u00e7\u00e3o do prefeito e do vice-prefeito se soma a outros apoios de lideran\u00e7as municipais e refor\u00e7a a constru\u00e7\u00e3o de uma base pol\u00edtica em torno da pr\u00e9-candidatura de Jo\u00e3o Azev\u00eado ao Senado, impulsionada por resultados concretos nos munic\u00edpios paraibanos.<\/p>\n","protected":false},"excerpt":{"rendered":"<p>O prefeito de Bernardino Batista, Aldo Andrade (PSB), e o vice-prefeito Matheus Gomes (Republicanos) reafirmaram apoio \u00e0 pr\u00e9-candidatura de Jo\u00e3o Azev\u00eado (PSB) ao Senado Federal, destacando os investimentos realizados no munic\u00edpio e a parceria constru\u00edda ao longo dos \u00faltimos anos. Durante encontro com Jo\u00e3o, Aldo destacou a import\u00e2ncia das obras e pol\u00edticas p\u00fablicas que chegaram<\/p>\n","protected":false},"author":5,"featured_media":60367,"comment_status":"open","ping_status":"open","sticky":false,"template":"","format":"standard","meta":{"_eb_attr":"","footnotes":""},"categories":[3],"tags":[],"class_list":["post-60366","post","type-post","status-publish","format-standard","has-post-thumbnail","hentry","category-politica"],"_links":{"self":[{"href":"https:\/\/portalmidia.net\/index.php\/wp-json\/wp\/v2\/posts\/60366","targetHints":{"allow":["GET"]}}],"collection":[{"href":"https:\/\/portalmidia.net\/index.php\/wp-json\/wp\/v2\/posts"}],"about":[{"href":"https:\/\/portalmidia.net\/index.php\/wp-json\/wp\/v2\/types\/post"}],"author":[{"embeddable":true,"href":"https:\/\/portalmidia.net\/index.php\/wp-json\/wp\/v2\/users\/5"}],"replies":[{"embeddable":true,"href":"https:\/\/portalmidia.net\/index.php\/wp-json\/wp\/v2\/comments?post=60366"}],"version-history":[{"count":1,"href":"https:\/\/portalmidia.net\/index.php\/wp-json\/wp\/v2\/posts\/60366\/revisions"}],"predecessor-version":[{"id":60368,"href":"https:\/\/portalmidia.net\/index.php\/wp-json\/wp\/v2\/posts\/60366\/revisions\/60368"}],"wp:featuredmedia":[{"embeddable":true,"href":"https:\/\/portalmidia.net\/index.php\/wp-json\/wp\/v2\/media\/60367"}],"wp:attachment":[{"href":"https:\/\/portalmidia.net\/index.php\/wp-json\/wp\/v2\/media?parent=60366"}],"wp:term":[{"taxonomy":"category","embeddable":true,"href":"https:\/\/portalmidia.net\/index.php\/wp-json\/wp\/v2\/categories?post=60366"},{"taxonomy":"post_tag","embeddable":true,"href":"https:\/\/portalmidia.net\/index.php\/wp-json\/wp\/v2\/tags?post=60366"}],"curies":[{"name":"wp","href":"https:\/\/api.w.org\/{rel}","templated":true}]}}