 {"id":60369,"date":"2026-04-30T17:07:00","date_gmt":"2026-04-30T20:07:00","guid":{"rendered":"https:\/\/portalmidia.net\/?p=60369"},"modified":"2026-04-30T17:07:00","modified_gmt":"2026-04-30T20:07:00","slug":"joao-projeta-atuacao-no-senado-com-foco-no-desenvolvimento-da-paraiba-e-do-nordeste","status":"publish","type":"post","link":"https:\/\/portalmidia.net\/index.php\/2026\/04\/30\/joao-projeta-atuacao-no-senado-com-foco-no-desenvolvimento-da-paraiba-e-do-nordeste\/","title":{"rendered":"Jo\u00e3o projeta atua\u00e7\u00e3o no Senado com foco no desenvolvimento da Para\u00edba e do Nordeste"},"content":{"rendered":"<p>O pr\u00e9-candidato a senador, Jo\u00e3o Azev\u00eado (PSB), afirmou que pretende continuar contribuindo para o desenvolvimento da Para\u00edba e do Nordeste, com foco em temas que impactam diretamente no dia a dia da popula\u00e7\u00e3o. A declara\u00e7\u00e3o foi feita durante entrevista ao programa Liga 360 Debate, da TV Norte Para\u00edba, apresentado pelos jornalistas Anderson Soares, Cl\u00e1udia Carvalho e Heron Cid.<\/p>\n<p>Ao comentar o papel que pretende desempenhar no Senado, Jo\u00e3o defendeu a prioriza\u00e7\u00e3o de pautas que atendam \u00e0s necessidades reais da popula\u00e7\u00e3o, com foco na gera\u00e7\u00e3o de emprego, renda e no fortalecimento das pol\u00edticas de desenvolvimento regional.<\/p>\n<p>\u201cO Senado tem que discutir os grandes temas do pa\u00eds. O povo quer saber de emprego, de renda, de como vai viver melhor no dia a dia. \u00c9 para isso que eu quero estar l\u00e1, para propor solu\u00e7\u00f5es que realmente impactem a vida das pessoas\u201d, afirmou.<\/p>\n<p>O pr\u00e9-candidato tamb\u00e9m defendeu uma atua\u00e7\u00e3o estrat\u00e9gica para o Nordeste, especialmente em \u00e1reas como tecnologia e energia renov\u00e1vel, apontando o potencial da regi\u00e3o para liderar a produ\u00e7\u00e3o de energia limpa no pa\u00eds.<\/p>\n<p>\u201cEu quero estar no Senado para discutir o futuro, especialmente para o Nordeste. A gente tem um potencial enorme em energia e\u00f3lica, solar e hidrog\u00eanio verde, que pode transformar a nossa economia e gerar oportunidades para a nossa juventude\u201d, disse.<\/p>\n<p>Ao abordar sua experi\u00eancia administrativa, Jo\u00e3o ressaltou que pretende levar ao Senado a capacidade de planejamento e execu\u00e7\u00e3o constru\u00edda ao longo de sua gest\u00e3o, marcada pelo equil\u00edbrio fiscal e pelo volume de investimentos no estado.<\/p>\n<p>\u201cQuero levar essa experi\u00eancia de gest\u00e3o para o Senado, com responsabilidade e compromisso de contribuir com o desenvolvimento da Para\u00edba e do Brasil, a partir de pol\u00edticas que gerem oportunidades e melhorem a vida das pessoas\u201d, afirmou.<\/p>\n","protected":false},"excerpt":{"rendered":"<p>O pr\u00e9-candidato a senador, Jo\u00e3o Azev\u00eado (PSB), afirmou que pretende continuar contribuindo para o desenvolvimento da Para\u00edba e do Nordeste, com foco em temas que impactam diretamente no dia a dia da popula\u00e7\u00e3o. A declara\u00e7\u00e3o foi feita durante entrevista ao programa Liga 360 Debate, da TV Norte Para\u00edba, apresentado pelos jornalistas Anderson Soares, Cl\u00e1udia Carvalho<\/p>\n","protected":false},"author":5,"featured_media":60370,"comment_status":"open","ping_status":"open","sticky":false,"template":"","format":"standard","meta":{"_eb_attr":"","footnotes":""},"categories":[3],"tags":[],"class_list":["post-60369","post","type-post","status-publish","format-standard","has-post-thumbnail","hentry","category-politica"],"_links":{"self":[{"href":"https:\/\/portalmidia.net\/index.php\/wp-json\/wp\/v2\/posts\/60369","targetHints":{"allow":["GET"]}}],"collection":[{"href":"https:\/\/portalmidia.net\/index.php\/wp-json\/wp\/v2\/posts"}],"about":[{"href":"https:\/\/portalmidia.net\/index.php\/wp-json\/wp\/v2\/types\/post"}],"author":[{"embeddable":true,"href":"https:\/\/portalmidia.net\/index.php\/wp-json\/wp\/v2\/users\/5"}],"replies":[{"embeddable":true,"href":"https:\/\/portalmidia.net\/index.php\/wp-json\/wp\/v2\/comments?post=60369"}],"version-history":[{"count":1,"href":"https:\/\/portalmidia.net\/index.php\/wp-json\/wp\/v2\/posts\/60369\/revisions"}],"predecessor-version":[{"id":60371,"href":"https:\/\/portalmidia.net\/index.php\/wp-json\/wp\/v2\/posts\/60369\/revisions\/60371"}],"wp:featuredmedia":[{"embeddable":true,"href":"https:\/\/portalmidia.net\/index.php\/wp-json\/wp\/v2\/media\/60370"}],"wp:attachment":[{"href":"https:\/\/portalmidia.net\/index.php\/wp-json\/wp\/v2\/media?parent=60369"}],"wp:term":[{"taxonomy":"category","embeddable":true,"href":"https:\/\/portalmidia.net\/index.php\/wp-json\/wp\/v2\/categories?post=60369"},{"taxonomy":"post_tag","embeddable":true,"href":"https:\/\/portalmidia.net\/index.php\/wp-json\/wp\/v2\/tags?post=60369"}],"curies":[{"name":"wp","href":"https:\/\/api.w.org\/{rel}","templated":true}]}}