 {"id":60372,"date":"2026-04-30T17:20:59","date_gmt":"2026-04-30T20:20:59","guid":{"rendered":"https:\/\/portalmidia.net\/?p=60372"},"modified":"2026-04-30T17:21:15","modified_gmt":"2026-04-30T20:21:15","slug":"pirpirituba-conquista-micro-onibus-e-nova-ambulancia-por-meio-de-programa-federal","status":"publish","type":"post","link":"https:\/\/portalmidia.net\/index.php\/2026\/04\/30\/pirpirituba-conquista-micro-onibus-e-nova-ambulancia-por-meio-de-programa-federal\/","title":{"rendered":"Pirpirituba conquista micro-\u00f4nibus e nova ambul\u00e2ncia por meio de programa federal"},"content":{"rendered":"<p>O munic\u00edpio de Pirpirituba recebeu, nesta quinta-feira, uma importante not\u00edcia para o fortalecimento da sa\u00fade p\u00fablica: a destina\u00e7\u00e3o de um micro-\u00f4nibus e de uma nova ambul\u00e2ncia, adquiridos por meio do programa federal Agora Tem Especialista. A conquista \u00e9 fruto da articula\u00e7\u00e3o do senador Veneziano Vital do R\u00eago, respons\u00e1vel pelo micro-\u00f4nibus, e do deputado federal Luiz Couto, que viabilizou a ambul\u00e2ncia.<\/p>\n<p>Os novos ve\u00edculos chegam para refor\u00e7ar a estrutura de transporte de pacientes, ampliando o acesso da popula\u00e7\u00e3o aos servi\u00e7os de sa\u00fade, especialmente em atendimentos especializados fora do munic\u00edpio.<br \/>\nO prefeito Danilo Rocha destacou a import\u00e2ncia da conquista para a cidade.<\/p>\n<p>\u201cEssa \u00e9 uma grande vit\u00f3ria para Pirpirituba. O micro-\u00f4nibus e a ambul\u00e2ncia v\u00e3o garantir mais dignidade no transporte dos nossos pacientes e fortalecer ainda mais a rede de sa\u00fade. Seguimos trabalhando com compromisso e buscando parcerias que tragam resultados concretos para o nosso povo\u201d, afirmou.<\/p>\n<p>A secret\u00e1ria municipal de Sa\u00fade, Erika Pontes, tamb\u00e9m celebrou a chegada dos ve\u00edculos.<br \/>\n\u201cEsses equipamentos representam um avan\u00e7o significativo para a nossa sa\u00fade. Com eles, vamos melhorar o atendimento, oferecer mais conforto e seguran\u00e7a aos pacientes e dar mais agilidade aos servi\u00e7os. \u00c9 um ganho real para toda a popula\u00e7\u00e3o\u201d, ressaltou.<\/p>\n<p>A chegada dos novos ve\u00edculos simboliza mais um avan\u00e7o importante no cuidado com a popula\u00e7\u00e3o de Pirpirituba, refor\u00e7ando o compromisso da gest\u00e3o municipal com a qualidade dos servi\u00e7os de sa\u00fade.<\/p>\n","protected":false},"excerpt":{"rendered":"<p>O munic\u00edpio de Pirpirituba recebeu, nesta quinta-feira, uma importante not\u00edcia para o fortalecimento da sa\u00fade p\u00fablica: a destina\u00e7\u00e3o de um micro-\u00f4nibus e de uma nova ambul\u00e2ncia, adquiridos por meio do programa federal Agora Tem Especialista. A conquista \u00e9 fruto da articula\u00e7\u00e3o do senador Veneziano Vital do R\u00eago, respons\u00e1vel pelo micro-\u00f4nibus, e do deputado federal Luiz<\/p>\n","protected":false},"author":5,"featured_media":60373,"comment_status":"open","ping_status":"open","sticky":false,"template":"","format":"standard","meta":{"_eb_attr":"","footnotes":""},"categories":[7,5],"tags":[1470,1481,37],"class_list":["post-60372","post","type-post","status-publish","format-standard","has-post-thumbnail","hentry","category-destaque","category-saude","tag-pirpirituba-pb","tag-qualidade-no-atendimento","tag-saude"],"_links":{"self":[{"href":"https:\/\/portalmidia.net\/index.php\/wp-json\/wp\/v2\/posts\/60372","targetHints":{"allow":["GET"]}}],"collection":[{"href":"https:\/\/portalmidia.net\/index.php\/wp-json\/wp\/v2\/posts"}],"about":[{"href":"https:\/\/portalmidia.net\/index.php\/wp-json\/wp\/v2\/types\/post"}],"author":[{"embeddable":true,"href":"https:\/\/portalmidia.net\/index.php\/wp-json\/wp\/v2\/users\/5"}],"replies":[{"embeddable":true,"href":"https:\/\/portalmidia.net\/index.php\/wp-json\/wp\/v2\/comments?post=60372"}],"version-history":[{"count":1,"href":"https:\/\/portalmidia.net\/index.php\/wp-json\/wp\/v2\/posts\/60372\/revisions"}],"predecessor-version":[{"id":60374,"href":"https:\/\/portalmidia.net\/index.php\/wp-json\/wp\/v2\/posts\/60372\/revisions\/60374"}],"wp:featuredmedia":[{"embeddable":true,"href":"https:\/\/portalmidia.net\/index.php\/wp-json\/wp\/v2\/media\/60373"}],"wp:attachment":[{"href":"https:\/\/portalmidia.net\/index.php\/wp-json\/wp\/v2\/media?parent=60372"}],"wp:term":[{"taxonomy":"category","embeddable":true,"href":"https:\/\/portalmidia.net\/index.php\/wp-json\/wp\/v2\/categories?post=60372"},{"taxonomy":"post_tag","embeddable":true,"href":"https:\/\/portalmidia.net\/index.php\/wp-json\/wp\/v2\/tags?post=60372"}],"curies":[{"name":"wp","href":"https:\/\/api.w.org\/{rel}","templated":true}]}}