 {"id":60389,"date":"2026-04-30T21:53:04","date_gmt":"2026-05-01T00:53:04","guid":{"rendered":"https:\/\/portalmidia.net\/?p=60389"},"modified":"2026-04-30T21:53:04","modified_gmt":"2026-05-01T00:53:04","slug":"corpo-de-idosa-que-estava-desaparecida-foi-enterrado-nesta-quinta-feira-30","status":"publish","type":"post","link":"https:\/\/portalmidia.net\/index.php\/2026\/04\/30\/corpo-de-idosa-que-estava-desaparecida-foi-enterrado-nesta-quinta-feira-30\/","title":{"rendered":"Corpo de idosa que estava desaparecida foi enterrado nesta quinta-feira (30)"},"content":{"rendered":"<p>Foi enterrada nesta quinta-feira (30) Milce Daniel Pessoa, encontrada morta ap\u00f3s desaparecer na Grande\u00a0Jo\u00e3o Pessoa. O enterro foi realizado no cemit\u00e9rio de\u00a0Bayeux.<br \/>\nO corpo da idosa de 72 anos foi encontrado no final da manh\u00e3 desta quarta-feira (29), em um local de buscas pela idosa desaparecida, em Bayeux, na Grande Jo\u00e3o Pessoa, e reconhecido por familiares. Milce Daniel Pessoa estava\u00a0desparecida desde a manh\u00e3 da quarta-feira (22), ap\u00f3s acompanhar um amigo em uma consulta m\u00e9dica.<\/p>\n<p>Por conta do estado em que o corpo foi encontrado, n\u00e3o houve vel\u00f3rio, mas um momento de homenagens na capela do cemit\u00e9rio, com a presen\u00e7a de familiares e amigos.<\/p>\n<p>O genro da idosa fez o reconhecimento do corpo e informou \u00e0 TV Cabo Branco que, apesar do estado avan\u00e7ado de decomposi\u00e7\u00e3o, caracter\u00edsticas do cad\u00e1ver batem com a mulher desaparecida, como a roupa, cor das unhas e ma\u00e7\u00e3s do rosto.<br \/>\nO delegado Douglas Garcia respons\u00e1vel pelo caso informou que o corpo ainda vai passar por exames para a confirma\u00e7\u00e3o.<br \/>\n&#8220;Existem procedimentos prim\u00e1rios e secund\u00e1rios para identifica\u00e7\u00e3o do cad\u00e1ver. At\u00e9 o momento foi identificada a cor das unhas, confirmada pelo genro, o vestido verde, uma pulseira que ela usa&#8221;.<\/p>\n<p>Buscas foram realizadas em uma regi\u00e3o de mata e contaram tamb\u00e9m com apoio do Corpo de Bombeiros, Pol\u00edcia Militar e tamb\u00e9m de c\u00e3es farejadores.<\/p>\n<p><strong>Amigo conduzido \u00e0 delegacia<\/strong><\/p>\n<p>Willis Cosmo, o amigo da idosa desaparecida em Bayeux, na Grande Jo\u00e3o Pessoa,\u00a0foi conduzido \u00e0 delegacia ap\u00f3s o corpo ser encontrado em um local de buscas, nesta quarta-feira (24). A informa\u00e7\u00e3o da condu\u00e7\u00e3o foi confirmada pela TV Cabo Branco.<br \/>\nO delegado Douglas Garcia informou que o homem foi conduzido \u00e0 delegacia para a continuidade das investiga\u00e7\u00f5es.<br \/>\n&#8220;Novas perguntas surgem e essas perguntas, obviamente, t\u00eam que ser respondidas. E a gente precisa do aux\u00edlio de seu Willis porque ele \u00e9 a pessoa que teve o \u00faltimo contato com ela&#8221;.<\/p>\n<p>De acordo com o delegado Douglas Garc\u00eda, o homem foi liberado e n\u00e3o \u00e9 considerado suspeito no caso, sendo ouvido porque foi a \u00faltima pessoa conhecida que viu a idosa antes do desaparecimento. Ele tamb\u00e9m ressaltou que exames periciais ainda v\u00e3o ser feitos e que aguarda o resultado deles para poder falar sobre os pr\u00f3ximos passos do inqu\u00e9rito.<\/p>\n<p><strong>O desaparecimento<\/strong><\/p>\n<p><img fetchpriority=\"high\" decoding=\"async\" class=\"aligncenter size-large wp-image-60392\" src=\"https:\/\/portalmidia.net\/wp-content\/uploads\/2026\/04\/whatsapp-image-2026-04-24-at-19.14.01-1-600x454.avif\" alt=\"\" width=\"600\" height=\"454\" srcset=\"https:\/\/portalmidia.net\/wp-content\/uploads\/2026\/04\/whatsapp-image-2026-04-24-at-19.14.01-1-600x454.avif 600w, https:\/\/portalmidia.net\/wp-content\/uploads\/2026\/04\/whatsapp-image-2026-04-24-at-19.14.01-1-300x227.avif 300w, https:\/\/portalmidia.net\/wp-content\/uploads\/2026\/04\/whatsapp-image-2026-04-24-at-19.14.01-1-768x581.avif 768w, https:\/\/portalmidia.net\/wp-content\/uploads\/2026\/04\/whatsapp-image-2026-04-24-at-19.14.01-1.avif 984w\" sizes=\"(max-width: 600px) 100vw, 600px\" \/>Uma idosa identificada como Milce Daniel Pessoa, de 72 anos, desapareceu ap\u00f3s acompanhar um amigo e vizinho em uma consulta m\u00e9dica no Hospital Metropolitano, entre as cidades de Santa Rita e Bayeux, na Grande Jo\u00e3o Pessoa. O desaparecimento aconteceu na quarta-feira (22) pela manh\u00e3.<br \/>\nA filha contou que o homem disse que ambos foram para aquela regi\u00e3o para pegar manga, pois a idosa teria argumentado que estava com fome e queria comer a fruta. Por\u00e9m, ao se abaixar no processo de retirada da manga da \u00e1rvore, o homem n\u00e3o visualizou mais a idosa.<br \/>\nUm boletim de ocorr\u00eancia foi realizado na Pol\u00edcia Civil, que investiga o caso desde ent\u00e3o. O Corpo de Bombeiros chegou a realizar uma busca na \u00e1rea em que a idosa desapareceu, nesta sexta-feira (24), mas n\u00e3o a encontrou.<\/p>\n<p><strong>O que diz o amigo da idosa<\/strong><\/p>\n<p><img decoding=\"async\" class=\"aligncenter size-large wp-image-60391\" src=\"https:\/\/portalmidia.net\/wp-content\/uploads\/2026\/04\/78805a221a988e79ef3f42d7c5bfd418-242-600x426.png\" alt=\"\" width=\"600\" height=\"426\" srcset=\"https:\/\/portalmidia.net\/wp-content\/uploads\/2026\/04\/78805a221a988e79ef3f42d7c5bfd418-242-600x426.png 600w, https:\/\/portalmidia.net\/wp-content\/uploads\/2026\/04\/78805a221a988e79ef3f42d7c5bfd418-242-300x213.png 300w, https:\/\/portalmidia.net\/wp-content\/uploads\/2026\/04\/78805a221a988e79ef3f42d7c5bfd418-242.png 704w\" sizes=\"(max-width: 600px) 100vw, 600px\" \/>O amigo da idosa, Willis Cosmo, falou oficialmente no inqu\u00e9rito da Pol\u00edcia Civil, em depoimento colhido na segunda-feira (27), na delegacia de Bayeux, na Grande Jo\u00e3o Pessoa.<br \/>\nEm entrevista para a\u00a0TV Cabo Branco, o homem disse que a mulher sumiu \u201cnum piscar de olhos\u201d, enquanto os dois apanhavam mangas.<\/p>\n<p>\u201cNum piscar de olhos, como se fosse um descuido com uma crian\u00e7a. A\u00ed eu procurei ela, depois que juntei as 26 mangas, mais ou menos. A\u00ed a mulher desapareceu\u201d, afirmou Willis.<br \/>\nA aposentada havia acompanhado o amigo e vizinho em um exame no Hospital Metropolitano Dom Jos\u00e9 Maria Pires. Segundo ele, na volta, os dois desceram do carro para pegar mangas em uma \u00e1rea pr\u00f3xima ao bairro onde residem, em Bayeux.<\/p>\n<p>Ap\u00f3s perceber o desaparecimento da amiga, Willis foi at\u00e9 a resid\u00eancia dela, onde a idosa morava com uma das filhas, para informar a fam\u00edlia. Em seguida, a Pol\u00edcia Civil foi acionada.<br \/>\nO amigo de Milce afirmou que parou para apanhar mangas para atender a um desejo dela, com quem mant\u00e9m amizade h\u00e1 pelo menos 40 anos. \u201cA justi\u00e7a tem que saber que eu fui fazer o gosto dela, que ela \u00e9 louca por manga, todo mundo sabe que ela \u00e9 louca por manga\u201d, relatou.<\/p>\n<p><strong>As investiga\u00e7\u00f5es da pol\u00edcia<\/strong><\/p>\n<p><img decoding=\"async\" class=\"aligncenter size-large wp-image-60390\" src=\"https:\/\/portalmidia.net\/wp-content\/uploads\/2026\/04\/imagem-600x318.avif\" alt=\"\" width=\"600\" height=\"318\" srcset=\"https:\/\/portalmidia.net\/wp-content\/uploads\/2026\/04\/imagem-600x318.avif 600w, https:\/\/portalmidia.net\/wp-content\/uploads\/2026\/04\/imagem-300x159.avif 300w, https:\/\/portalmidia.net\/wp-content\/uploads\/2026\/04\/imagem-768x407.avif 768w, https:\/\/portalmidia.net\/wp-content\/uploads\/2026\/04\/imagem.avif 984w\" sizes=\"(max-width: 600px) 100vw, 600px\" \/>A per\u00edcia aqui faz um levantamento de microvest\u00edgios, ela examina qualquer objeto dentro do ve\u00edculo que pode estar sendo ao fato relacionado e investigado, procura manchas semelhantes a sangue, pelos, que podem ser examinados como relacionados ao pelo humano, ou outros vest\u00edgios do tipo&#8221;, explicou Elaine Soares, perita do IPC<\/p>\n<p>Sobre os fios de cabelo encontrados, a perita explicou que o material vai para an\u00e1lise laboratorial e &#8220;serem relacionados ou n\u00e3o&#8221; com o caso.<br \/>\nO delegado Douglas Garc\u00eda, respons\u00e1vel pela apura\u00e7\u00e3o do desaparecimento, n\u00e3o informou detalhes sobre os motivos pelos quais tanto a casa do homem quanto o carro passam por per\u00edcia ou se o homem \u00e9 considerado suspeito no caso.<\/p>\n<p>&nbsp;<\/p>\n<p>&nbsp;<\/p>\n<p>&nbsp;<\/p>\n<p>G1<\/p>\n","protected":false},"excerpt":{"rendered":"<p>Foi enterrada nesta quinta-feira (30) Milce Daniel Pessoa, encontrada morta ap\u00f3s desaparecer na Grande\u00a0Jo\u00e3o Pessoa. O enterro foi realizado no cemit\u00e9rio de\u00a0Bayeux. O corpo da idosa de 72 anos foi encontrado no final da manh\u00e3 desta quarta-feira (29), em um local de buscas pela idosa desaparecida, em Bayeux, na Grande Jo\u00e3o Pessoa, e reconhecido por<\/p>\n","protected":false},"author":5,"featured_media":60393,"comment_status":"open","ping_status":"open","sticky":false,"template":"","format":"standard","meta":{"_eb_attr":"","footnotes":""},"categories":[2],"tags":[1495,1493,1494],"class_list":["post-60389","post","type-post","status-publish","format-standard","has-post-thumbnail","hentry","category-policial","tag-bayeux","tag-dona-milce","tag-idosa-desapecida"],"_links":{"self":[{"href":"https:\/\/portalmidia.net\/index.php\/wp-json\/wp\/v2\/posts\/60389","targetHints":{"allow":["GET"]}}],"collection":[{"href":"https:\/\/portalmidia.net\/index.php\/wp-json\/wp\/v2\/posts"}],"about":[{"href":"https:\/\/portalmidia.net\/index.php\/wp-json\/wp\/v2\/types\/post"}],"author":[{"embeddable":true,"href":"https:\/\/portalmidia.net\/index.php\/wp-json\/wp\/v2\/users\/5"}],"replies":[{"embeddable":true,"href":"https:\/\/portalmidia.net\/index.php\/wp-json\/wp\/v2\/comments?post=60389"}],"version-history":[{"count":1,"href":"https:\/\/portalmidia.net\/index.php\/wp-json\/wp\/v2\/posts\/60389\/revisions"}],"predecessor-version":[{"id":60394,"href":"https:\/\/portalmidia.net\/index.php\/wp-json\/wp\/v2\/posts\/60389\/revisions\/60394"}],"wp:featuredmedia":[{"embeddable":true,"href":"https:\/\/portalmidia.net\/index.php\/wp-json\/wp\/v2\/media\/60393"}],"wp:attachment":[{"href":"https:\/\/portalmidia.net\/index.php\/wp-json\/wp\/v2\/media?parent=60389"}],"wp:term":[{"taxonomy":"category","embeddable":true,"href":"https:\/\/portalmidia.net\/index.php\/wp-json\/wp\/v2\/categories?post=60389"},{"taxonomy":"post_tag","embeddable":true,"href":"https:\/\/portalmidia.net\/index.php\/wp-json\/wp\/v2\/tags?post=60389"}],"curies":[{"name":"wp","href":"https:\/\/api.w.org\/{rel}","templated":true}]}}