 {"id":6321,"date":"2023-08-25T07:53:52","date_gmt":"2023-08-25T10:53:52","guid":{"rendered":"https:\/\/portalmidia.net\/?p=6321"},"modified":"2023-08-25T07:53:52","modified_gmt":"2023-08-25T10:53:52","slug":"governador-joao-azevedo-faz-visita-ao-pelotao-de-duas-estradas","status":"publish","type":"post","link":"https:\/\/portalmidia.net\/index.php\/2023\/08\/25\/governador-joao-azevedo-faz-visita-ao-pelotao-de-duas-estradas\/","title":{"rendered":"Governador Jo\u00e3o Azevedo faz visita ao pelot\u00e3o de Duas Estradas"},"content":{"rendered":"<p style=\"text-align: justify;\">Na manh\u00e3 desta quinta-feira feira, dia 24 de agosto do corrente, o primeiro pelot\u00e3o da 3a Cia do 4\u00b0 BPM, sediado em Duas Estradas recebeu a ilustre visita de sua excel\u00eancia o senhor Jo\u00e3o Azevedo, governador do Estado da Para\u00edba, bem como de sua comitiva.<\/p>\n<p style=\"text-align: justify;\">Na ocasi\u00e3o, o Tenente Coronel SINVAL, comandante do 4\u00b0 batalh\u00e3o apresentou ao gestor m\u00e1ximo do executivo estadual a sede do pelot\u00e3o e suas estrat\u00e9gias e objetivos operacionais e administrativos, relativos a seguran\u00e7a p\u00fablica da regi\u00e3o, a qual agrega as cidades de Duas Estradas, Sert\u00e3ozinho e Serra da Raiz, bem como, de toda zona rural.<\/p>\n<p style=\"text-align: justify;\">Por oportuno, a prefeita da cidade de Duas Estradas, Joyce Renally mostrou muita satisfa\u00e7\u00e3o pela instala\u00e7\u00e3o do novo equipamento de seguran\u00e7a p\u00fablica em seu munic\u00edpio, inclusive j\u00e1 informando ao governador sobre os resultados das a\u00e7\u00f5es policiais, articuladas ap\u00f3s a chegada da Subunidade.<\/p>\n<p style=\"text-align: justify;\">Na breve reuni\u00e3o, o coronel Gilberto, Comandante do CPR III tamb\u00e9m usou a palavra e parabenizou e agradeceu ao governador por todo apoio recebido na instala\u00e7\u00e3o de mais uma importante fra\u00e7\u00e3o da Pol\u00edcia Militar da Para\u00edba.<\/p>\n<p style=\"text-align: justify;\">Por fim, o pr\u00f3prio governador elogiou a iniciativa e se colocou a disposi\u00e7\u00e3o das autoridades para melhorar cada vez mais a seguran\u00e7a p\u00fablica das localidades da regi\u00e3o.<\/p>\n<p style=\"text-align: justify;\">O referido pelot\u00e3o \u00e9 comandado pelo jovem oficial, 1\u00b0 Tenente Diniz, que vem se destacando nas atividades de enfrentamento \u00e0 criminalidade. Tal empenho, em conjunto com a Pol\u00edcia Civil teve como consequ\u00eancia a diminui\u00e7\u00e3o significativa dos \u00edndices de crimes violentos letais intencionais, de crimes violentos patrimoniais e tamb\u00e9m o arrefecimento do tr\u00e1fico de drogas.<\/p>\n<p style=\"text-align: justify;\">Se\u00e7\u00e3o de Comunica\u00e7\u00e3o social e Marketing Institucional do 4\u00b0 BPM<\/p>\n<p><img fetchpriority=\"high\" decoding=\"async\" class=\"aligncenter size-large wp-image-6323\" src=\"https:\/\/portalmidia.net\/wp-content\/uploads\/2023\/08\/WhatsApp-Image-2023-08-25-at-07.45.32-1-768x1024.jpeg\" alt=\"\" width=\"640\" height=\"853\" srcset=\"https:\/\/portalmidia.net\/wp-content\/uploads\/2023\/08\/WhatsApp-Image-2023-08-25-at-07.45.32-1-768x1024.jpeg 768w, https:\/\/portalmidia.net\/wp-content\/uploads\/2023\/08\/WhatsApp-Image-2023-08-25-at-07.45.32-1-225x300.jpeg 225w, https:\/\/portalmidia.net\/wp-content\/uploads\/2023\/08\/WhatsApp-Image-2023-08-25-at-07.45.32-1-450x600.jpeg 450w, https:\/\/portalmidia.net\/wp-content\/uploads\/2023\/08\/WhatsApp-Image-2023-08-25-at-07.45.32-1.jpeg 867w\" sizes=\"(max-width: 640px) 100vw, 640px\" \/> <img decoding=\"async\" class=\"aligncenter size-large wp-image-6324\" src=\"https:\/\/portalmidia.net\/wp-content\/uploads\/2023\/08\/WhatsApp-Image-2023-08-25-at-07.45.32-2-1024x768.jpeg\" alt=\"\" width=\"640\" height=\"480\" srcset=\"https:\/\/portalmidia.net\/wp-content\/uploads\/2023\/08\/WhatsApp-Image-2023-08-25-at-07.45.32-2-1024x768.jpeg 1024w, https:\/\/portalmidia.net\/wp-content\/uploads\/2023\/08\/WhatsApp-Image-2023-08-25-at-07.45.32-2-300x225.jpeg 300w, https:\/\/portalmidia.net\/wp-content\/uploads\/2023\/08\/WhatsApp-Image-2023-08-25-at-07.45.32-2-768x576.jpeg 768w, https:\/\/portalmidia.net\/wp-content\/uploads\/2023\/08\/WhatsApp-Image-2023-08-25-at-07.45.32-2-600x450.jpeg 600w, https:\/\/portalmidia.net\/wp-content\/uploads\/2023\/08\/WhatsApp-Image-2023-08-25-at-07.45.32-2.jpeg 1156w\" sizes=\"(max-width: 640px) 100vw, 640px\" \/> <img decoding=\"async\" class=\"aligncenter size-large wp-image-6325\" src=\"https:\/\/portalmidia.net\/wp-content\/uploads\/2023\/08\/WhatsApp-Image-2023-08-25-at-07.45.32-768x1024.jpeg\" alt=\"\" width=\"640\" height=\"853\" srcset=\"https:\/\/portalmidia.net\/wp-content\/uploads\/2023\/08\/WhatsApp-Image-2023-08-25-at-07.45.32-768x1024.jpeg 768w, https:\/\/portalmidia.net\/wp-content\/uploads\/2023\/08\/WhatsApp-Image-2023-08-25-at-07.45.32-225x300.jpeg 225w, https:\/\/portalmidia.net\/wp-content\/uploads\/2023\/08\/WhatsApp-Image-2023-08-25-at-07.45.32-450x600.jpeg 450w, https:\/\/portalmidia.net\/wp-content\/uploads\/2023\/08\/WhatsApp-Image-2023-08-25-at-07.45.32.jpeg 867w\" sizes=\"(max-width: 640px) 100vw, 640px\" \/> <img loading=\"lazy\" decoding=\"async\" class=\"aligncenter size-large wp-image-6326\" src=\"https:\/\/portalmidia.net\/wp-content\/uploads\/2023\/08\/WhatsApp-Image-2023-08-25-at-07.45.33-768x1024.jpeg\" alt=\"\" width=\"640\" height=\"853\" srcset=\"https:\/\/portalmidia.net\/wp-content\/uploads\/2023\/08\/WhatsApp-Image-2023-08-25-at-07.45.33-768x1024.jpeg 768w, https:\/\/portalmidia.net\/wp-content\/uploads\/2023\/08\/WhatsApp-Image-2023-08-25-at-07.45.33-225x300.jpeg 225w, https:\/\/portalmidia.net\/wp-content\/uploads\/2023\/08\/WhatsApp-Image-2023-08-25-at-07.45.33-450x600.jpeg 450w, https:\/\/portalmidia.net\/wp-content\/uploads\/2023\/08\/WhatsApp-Image-2023-08-25-at-07.45.33.jpeg 867w\" sizes=\"(max-width: 640px) 100vw, 640px\" \/><\/p>\n","protected":false},"excerpt":{"rendered":"<p>Na manh\u00e3 desta quinta-feira feira, dia 24 de agosto do corrente, o primeiro pelot\u00e3o da 3a Cia do 4\u00b0 BPM, sediado em Duas Estradas recebeu a ilustre visita de sua excel\u00eancia o senhor Jo\u00e3o Azevedo, governador do Estado da Para\u00edba, bem como de sua comitiva. Na ocasi\u00e3o, o Tenente Coronel SINVAL, comandante do 4\u00b0 batalh\u00e3o<\/p>\n","protected":false},"author":1,"featured_media":6323,"comment_status":"open","ping_status":"open","sticky":false,"template":"","format":"standard","meta":{"_eb_attr":"","footnotes":""},"categories":[7,3],"tags":[],"class_list":["post-6321","post","type-post","status-publish","format-standard","has-post-thumbnail","hentry","category-destaque","category-politica"],"_links":{"self":[{"href":"https:\/\/portalmidia.net\/index.php\/wp-json\/wp\/v2\/posts\/6321","targetHints":{"allow":["GET"]}}],"collection":[{"href":"https:\/\/portalmidia.net\/index.php\/wp-json\/wp\/v2\/posts"}],"about":[{"href":"https:\/\/portalmidia.net\/index.php\/wp-json\/wp\/v2\/types\/post"}],"author":[{"embeddable":true,"href":"https:\/\/portalmidia.net\/index.php\/wp-json\/wp\/v2\/users\/1"}],"replies":[{"embeddable":true,"href":"https:\/\/portalmidia.net\/index.php\/wp-json\/wp\/v2\/comments?post=6321"}],"version-history":[{"count":0,"href":"https:\/\/portalmidia.net\/index.php\/wp-json\/wp\/v2\/posts\/6321\/revisions"}],"wp:featuredmedia":[{"embeddable":true,"href":"https:\/\/portalmidia.net\/index.php\/wp-json\/wp\/v2\/media\/6323"}],"wp:attachment":[{"href":"https:\/\/portalmidia.net\/index.php\/wp-json\/wp\/v2\/media?parent=6321"}],"wp:term":[{"taxonomy":"category","embeddable":true,"href":"https:\/\/portalmidia.net\/index.php\/wp-json\/wp\/v2\/categories?post=6321"},{"taxonomy":"post_tag","embeddable":true,"href":"https:\/\/portalmidia.net\/index.php\/wp-json\/wp\/v2\/tags?post=6321"}],"curies":[{"name":"wp","href":"https:\/\/api.w.org\/{rel}","templated":true}]}}