 {"id":6342,"date":"2023-08-25T14:30:00","date_gmt":"2023-08-25T17:30:00","guid":{"rendered":"https:\/\/portalmidia.net\/?p=6342"},"modified":"2023-08-25T14:30:00","modified_gmt":"2023-08-25T17:30:00","slug":"destino-paraiba-e-apresentado-aos-agentes-de-viagens-da-diversa-operadora-em-porto-seguro","status":"publish","type":"post","link":"https:\/\/portalmidia.net\/index.php\/2023\/08\/25\/destino-paraiba-e-apresentado-aos-agentes-de-viagens-da-diversa-operadora-em-porto-seguro\/","title":{"rendered":"Destino Para\u00edba \u00e9 apresentado aos agentes de viagens da Diversa Operadora, em Porto Seguro"},"content":{"rendered":"<p style=\"text-align: justify;\">A Empresa Paraibana de Turismo (PBTur) participa, deste domingo (27) at\u00e9 a quarta-feira (30), da capacita\u00e7\u00e3o para cerca de 200 agentes de viagens de todo o Brasil, realizada pela Operadora Diversa. O evento acontece em Porto Seguro, na Bahia, onde ser\u00e3o apresentados os atrativos tur\u00edsticos do Destino Para\u00edba.<br aria-hidden=\"true\" \/>\u00a0<br aria-hidden=\"true\" \/>Segundo o presidente da PBTur, Ferdinando Lucena, o objetivo \u00e9 disseminar a informa\u00e7\u00e3o dos atrativos tur\u00edsticos aos agentes de viagens de todo o Brasil. \u201cO evento \u00e9 uma forma de apresentar a Para\u00edba aos agentes, mostrando os roteiros de sol e mar e tamb\u00e9m as riquezas tur\u00edsticas do interior do nosso estado\u201d, comentou.<br aria-hidden=\"true\" \/>\u00a0<br aria-hidden=\"true\" \/>A secret\u00e1ria de Turismo e Desenvolvimento Econ\u00f4mico da Para\u00edba, Ros\u00e1lia Lucas, destaca que existe uma expectativa muito alta para o aumento do n\u00famero de turistas no segundo semestre de 2023. \u201cO Governo do Estado investe em capacita\u00e7\u00f5es e na participa\u00e7\u00e3o de eventos do setor de turismo, para que possamos apresentar o Destino Para\u00edba e isso reverter na amplia\u00e7\u00e3o do n\u00famero de visitantes. Todo o setor tem trabalhado para que isso ocorra\u201d, ressaltou.<\/p>\n<p><img fetchpriority=\"high\" decoding=\"async\" class=\"aligncenter size-large wp-image-6346\" src=\"https:\/\/portalmidia.net\/wp-content\/uploads\/2023\/08\/a4623159-e669-2f9c-c85a-7d7629d93127-1024x576.jpeg\" alt=\"\" width=\"640\" height=\"360\" srcset=\"https:\/\/portalmidia.net\/wp-content\/uploads\/2023\/08\/a4623159-e669-2f9c-c85a-7d7629d93127-1024x576.jpeg 1024w, https:\/\/portalmidia.net\/wp-content\/uploads\/2023\/08\/a4623159-e669-2f9c-c85a-7d7629d93127-300x169.jpeg 300w, https:\/\/portalmidia.net\/wp-content\/uploads\/2023\/08\/a4623159-e669-2f9c-c85a-7d7629d93127-768x432.jpeg 768w, https:\/\/portalmidia.net\/wp-content\/uploads\/2023\/08\/a4623159-e669-2f9c-c85a-7d7629d93127-600x337.jpeg 600w, https:\/\/portalmidia.net\/wp-content\/uploads\/2023\/08\/a4623159-e669-2f9c-c85a-7d7629d93127.jpeg 1080w\" sizes=\"(max-width: 640px) 100vw, 640px\" \/> <img decoding=\"async\" class=\"aligncenter size-large wp-image-6344\" src=\"https:\/\/portalmidia.net\/wp-content\/uploads\/2023\/08\/4f7e0ae4-f271-967a-a091-5a794304cbc0-1024x576.jpeg\" alt=\"\" width=\"640\" height=\"360\" srcset=\"https:\/\/portalmidia.net\/wp-content\/uploads\/2023\/08\/4f7e0ae4-f271-967a-a091-5a794304cbc0-1024x576.jpeg 1024w, https:\/\/portalmidia.net\/wp-content\/uploads\/2023\/08\/4f7e0ae4-f271-967a-a091-5a794304cbc0-300x169.jpeg 300w, https:\/\/portalmidia.net\/wp-content\/uploads\/2023\/08\/4f7e0ae4-f271-967a-a091-5a794304cbc0-768x432.jpeg 768w, https:\/\/portalmidia.net\/wp-content\/uploads\/2023\/08\/4f7e0ae4-f271-967a-a091-5a794304cbc0-600x337.jpeg 600w, https:\/\/portalmidia.net\/wp-content\/uploads\/2023\/08\/4f7e0ae4-f271-967a-a091-5a794304cbc0.jpeg 1080w\" sizes=\"(max-width: 640px) 100vw, 640px\" \/><\/p>\n","protected":false},"excerpt":{"rendered":"<p>A Empresa Paraibana de Turismo (PBTur) participa, deste domingo (27) at\u00e9 a quarta-feira (30), da capacita\u00e7\u00e3o para cerca de 200 agentes de viagens de todo o Brasil, realizada pela Operadora Diversa. O evento acontece em Porto Seguro, na Bahia, onde ser\u00e3o apresentados os atrativos tur\u00edsticos do Destino Para\u00edba.\u00a0Segundo o presidente da PBTur, Ferdinando Lucena, o<\/p>\n","protected":false},"author":1,"featured_media":6345,"comment_status":"open","ping_status":"open","sticky":false,"template":"","format":"standard","meta":{"_eb_attr":"","footnotes":""},"categories":[7,13],"tags":[],"class_list":["post-6342","post","type-post","status-publish","format-standard","has-post-thumbnail","hentry","category-destaque","category-noticias"],"_links":{"self":[{"href":"https:\/\/portalmidia.net\/index.php\/wp-json\/wp\/v2\/posts\/6342","targetHints":{"allow":["GET"]}}],"collection":[{"href":"https:\/\/portalmidia.net\/index.php\/wp-json\/wp\/v2\/posts"}],"about":[{"href":"https:\/\/portalmidia.net\/index.php\/wp-json\/wp\/v2\/types\/post"}],"author":[{"embeddable":true,"href":"https:\/\/portalmidia.net\/index.php\/wp-json\/wp\/v2\/users\/1"}],"replies":[{"embeddable":true,"href":"https:\/\/portalmidia.net\/index.php\/wp-json\/wp\/v2\/comments?post=6342"}],"version-history":[{"count":0,"href":"https:\/\/portalmidia.net\/index.php\/wp-json\/wp\/v2\/posts\/6342\/revisions"}],"wp:featuredmedia":[{"embeddable":true,"href":"https:\/\/portalmidia.net\/index.php\/wp-json\/wp\/v2\/media\/6345"}],"wp:attachment":[{"href":"https:\/\/portalmidia.net\/index.php\/wp-json\/wp\/v2\/media?parent=6342"}],"wp:term":[{"taxonomy":"category","embeddable":true,"href":"https:\/\/portalmidia.net\/index.php\/wp-json\/wp\/v2\/categories?post=6342"},{"taxonomy":"post_tag","embeddable":true,"href":"https:\/\/portalmidia.net\/index.php\/wp-json\/wp\/v2\/tags?post=6342"}],"curies":[{"name":"wp","href":"https:\/\/api.w.org\/{rel}","templated":true}]}}