 {"id":6348,"date":"2023-08-25T14:33:29","date_gmt":"2023-08-25T17:33:29","guid":{"rendered":"https:\/\/portalmidia.net\/?p=6348"},"modified":"2023-08-25T14:34:48","modified_gmt":"2023-08-25T17:34:48","slug":"caso-grave-de-escalpelamento-atendido-no-parana-traz-alerta-sobre-esse-tipo-de-acidente","status":"publish","type":"post","link":"https:\/\/portalmidia.net\/index.php\/2023\/08\/25\/caso-grave-de-escalpelamento-atendido-no-parana-traz-alerta-sobre-esse-tipo-de-acidente\/","title":{"rendered":"Caso grave de escalpelamento atendido no Paran\u00e1 traz alerta sobre esse tipo de acidente"},"content":{"rendered":"<p style=\"text-align: justify;\">O Dia Nacional de Combate e Preven\u00e7\u00e3o ao Escalpelamento acontece em 28 de agosto. Mulheres s\u00e3o as v\u00edtimas mais frequentes<\/p>\n<div>\n<p style=\"text-align: justify;\">Um terr\u00edvel escalpelamento &#8211; quando parte do couro cabeludo de uma pessoa \u00e9 arrancado -, ocorrido em 15 de maio, trouxe \u00e0 tona a necessidade urgente de medidas de seguran\u00e7a mais rigorosas contra esse tipo de acidente. Cindy Evelin Ferreira, uma dona de casa de 31 anos, residente de Cascavel (PR), foi escalpelada enquanto auxiliava num processo de debulha de milho, no Paraguai.<\/p>\n<p style=\"text-align: justify;\">O acidente resultou na perda total de seu couro cabeludo. Cindy se aproximou da m\u00e1quina para coletar o milho e seu cabelo entrou em contato com o cardam, que gira a debulhadeira, causando a remo\u00e7\u00e3o instant\u00e2nea do couro cabeludo.<\/p>\n<p style=\"text-align: justify;\">A a\u00e7\u00e3o r\u00e1pida dos seus colegas a fez chegar logo a um\u00a0 hospital de Foz do Igua\u00e7u (PR), onde permaneceu por oito dias. Posteriormente, ela foi transferida para o Hospital do Trabalhador, em Curitiba (PR), onde j\u00e1 passou por seis cirurgias e enfrenta a perspectiva de mais uma interven\u00e7\u00e3o.<\/p>\n<p style=\"text-align: justify;\">Como forma de conscientizar sobre esse tipo de acidente, a Lei n\u00ba 12.199\/2.010 instituiu a data de 28 de agosto como Dia Nacional de Combate e Preven\u00e7\u00e3o ao Escalpelamento. Segundo o Minist\u00e9rio da Sa\u00fade, a Regi\u00e3o Amaz\u00f4nica \u00e9 a que registra mais casos, por conta de escalpelamentos causados pelo contato dos cabelos com o motor das embarca\u00e7\u00f5es.<\/p>\n<p style=\"text-align: justify;\">Dados da Capitania dos Portos da Amaz\u00f4nia Oriental (CPAOR) indicam que 93% dos casos de escalpelamento registrados na regi\u00e3o t\u00eam mulheres como v\u00edtimas. Esse recorte se deve ao fato de que muitas mulheres costumam ter os cabelos mais longos.<\/p>\n<p style=\"text-align: justify;\"><strong>Caso atendido no Paran\u00e1<\/strong><\/p>\n<p style=\"text-align: justify;\">O tratamento de Cindy j\u00e1 \u00e9 considerado um sucesso por especialistas. Durante sua recupera\u00e7\u00e3o, ela tem passado por diversas etapas relacionadas \u00e0 cicatriza\u00e7\u00e3o da pele na regi\u00e3o afetada.<\/p>\n<p style=\"text-align: justify;\">Nesse processo, est\u00e1 sendo\u00a0 utilizada a Membracel, um curativo tecnol\u00f3gico tamb\u00e9m fabricado no Paran\u00e1, pela empresa Vuelo Pharma. \u201cA Membracel desempenha um papel fundamental na cicatriza\u00e7\u00e3o dos implantes de pele realizados como parte do tratamento\u201d, explica Thiago Moreschi, CEO da empresa.<\/p>\n<p style=\"text-align: justify;\">Segundo ele, o curativo substitui temporariamente a pele lesionada, impulsionando consideravelmente o ritmo de cicatriza\u00e7\u00e3o. \u201cA estrutura da membrana \u00e9 porosa, favorecendo a sa\u00edda controlada do exsudato excessivo (fluido proveniente da les\u00e3o) para um segundo curativo, mantendo o n\u00edvel \u00f3timo de umidade na \u00e1rea afetada\u201d.<\/p>\n<p style=\"text-align: justify;\">Al\u00e9m dessa caracter\u00edstica, a Membracel tamb\u00e9m permite a eficaz troca de gases, um fator fundamental para o avan\u00e7o saud\u00e1vel do processo de cicatriza\u00e7\u00e3o. \u201cO caso de Cindy ilustra a import\u00e2ncia vital de buscarmos cada vez mais avan\u00e7os tecnol\u00f3gicos e tratamentos inovadores para ajudar as v\u00edtimas de escalpelamento e outros tipos de ferimentos na pele\u201d, refor\u00e7a Moreschi.<\/p>\n<p>&nbsp;<\/p>\n<\/div>\n","protected":false},"excerpt":{"rendered":"<p>O Dia Nacional de Combate e Preven\u00e7\u00e3o ao Escalpelamento acontece em 28 de agosto. Mulheres s\u00e3o as v\u00edtimas mais frequentes Um terr\u00edvel escalpelamento &#8211; quando parte do couro cabeludo de uma pessoa \u00e9 arrancado -, ocorrido em 15 de maio, trouxe \u00e0 tona a necessidade urgente de medidas de seguran\u00e7a mais rigorosas contra esse tipo<\/p>\n","protected":false},"author":1,"featured_media":6352,"comment_status":"open","ping_status":"open","sticky":false,"template":"","format":"standard","meta":{"_eb_attr":"","footnotes":""},"categories":[7,13],"tags":[],"class_list":["post-6348","post","type-post","status-publish","format-standard","has-post-thumbnail","hentry","category-destaque","category-noticias"],"_links":{"self":[{"href":"https:\/\/portalmidia.net\/index.php\/wp-json\/wp\/v2\/posts\/6348","targetHints":{"allow":["GET"]}}],"collection":[{"href":"https:\/\/portalmidia.net\/index.php\/wp-json\/wp\/v2\/posts"}],"about":[{"href":"https:\/\/portalmidia.net\/index.php\/wp-json\/wp\/v2\/types\/post"}],"author":[{"embeddable":true,"href":"https:\/\/portalmidia.net\/index.php\/wp-json\/wp\/v2\/users\/1"}],"replies":[{"embeddable":true,"href":"https:\/\/portalmidia.net\/index.php\/wp-json\/wp\/v2\/comments?post=6348"}],"version-history":[{"count":0,"href":"https:\/\/portalmidia.net\/index.php\/wp-json\/wp\/v2\/posts\/6348\/revisions"}],"wp:featuredmedia":[{"embeddable":true,"href":"https:\/\/portalmidia.net\/index.php\/wp-json\/wp\/v2\/media\/6352"}],"wp:attachment":[{"href":"https:\/\/portalmidia.net\/index.php\/wp-json\/wp\/v2\/media?parent=6348"}],"wp:term":[{"taxonomy":"category","embeddable":true,"href":"https:\/\/portalmidia.net\/index.php\/wp-json\/wp\/v2\/categories?post=6348"},{"taxonomy":"post_tag","embeddable":true,"href":"https:\/\/portalmidia.net\/index.php\/wp-json\/wp\/v2\/tags?post=6348"}],"curies":[{"name":"wp","href":"https:\/\/api.w.org\/{rel}","templated":true}]}}