 {"id":6460,"date":"2023-08-26T10:44:14","date_gmt":"2023-08-26T13:44:14","guid":{"rendered":"https:\/\/portalmidia.net\/?p=6460"},"modified":"2023-08-26T10:44:14","modified_gmt":"2023-08-26T13:44:14","slug":"cegos-recuperam-visao-com-implantes-feitos-de-pele-de-porco","status":"publish","type":"post","link":"https:\/\/portalmidia.net\/index.php\/2023\/08\/26\/cegos-recuperam-visao-com-implantes-feitos-de-pele-de-porco\/","title":{"rendered":"Cegos recuperam vis\u00e3o com implantes feitos de pele de porco"},"content":{"rendered":"<p style=\"text-align: justify;\">A cegueira pode ser tida como uma condi\u00e7\u00e3o irrevers\u00edvel para a maioria das pessoas \u2013 mas n\u00e3o para a\u00a0<a href=\"https:\/\/www.cnnbrasil.com.br\/tudo-sobre\/ciencia\/\">ci\u00eancia<\/a>.<\/p>\n<p style=\"text-align: justify;\">Pesquisadores da Universidade de Link\u00f6ping, na Su\u00e9cia,\u00a0conseguiram restaurar a vis\u00e3o de 20 pessoas\u00a0que tinham problemas na c\u00f3rnea ap\u00f3s um experimento piloto que usou implantes feitos de um material nada \u00f3bvio: pele de porco.<\/p>\n<p style=\"text-align: justify;\">Entre os volunt\u00e1rios do estudo, 14 pessoas que eram cegas conseguiram voltar a enxergar totalmente em at\u00e9 dois anos depois do procedimento.<\/p>\n<p style=\"text-align: justify;\">Em um relat\u00f3rio da pr\u00f3pria universidade, professores do departamento de Ci\u00eancias Cl\u00ednicas e Biom\u00e9dicas explicaram que o implante de c\u00f3rnea \u00e9 feito atrav\u00e9s de um processo de bioengenharia que extrai a prote\u00edna de col\u00e1geno da pele do porco.<\/p>\n<p style=\"text-align: justify;\">Al\u00e9m dos \u00f3timos resultados com os pacientes, os pesquisadores tamb\u00e9m descobriram que as pr\u00f3teses podem ser produzidas em larga escala e armazenadas por at\u00e9 dois anos, o que pode ajudar a diminuir as filas de espera por uma doa\u00e7\u00e3o de c\u00f3rnea humana ao redor do mundo.<\/p>\n<p style=\"text-align: justify;\">\n<h2 style=\"text-align: justify;\">Insetos ser\u00e3o a comida do futuro?<\/h2>\n<p style=\"text-align: justify;\">Com o aumento da popula\u00e7\u00e3o mundial e o aquecimento global, problemas como inseguran\u00e7a alimentar e fome tendem a ser cada vez mais frequentes.<\/p>\n<p style=\"text-align: justify;\">E justamente para tentar enfrentar esse problema e contribuir para uma ind\u00fastria mais sustent\u00e1vel, pesquisadores da Universidade de S\u00e3o Paulo (USP) est\u00e3o desenvolvendo\u00a0alimentos feitos a partir de larvas de mosca.<\/p>\n<p style=\"text-align: justify;\">Tem p\u00e3ozinho feito de farinha de larvas e salsichas de mosca. Quem arrisca experimentar?<\/p>\n<p style=\"text-align: justify;\">Nesse sentido, at\u00e9 mesmo a Organiza\u00e7\u00e3o das Na\u00e7\u00f5es Unidas para a Alimenta\u00e7\u00e3o e a Agricultura, que \u00e9 uma das ag\u00eancias das Na\u00e7\u00f5es Unidas, j\u00e1 alertou que os insetos ser\u00e3o grandes aliados da alimenta\u00e7\u00e3o humana no futuro.<\/p>\n<p style=\"text-align: justify;\">\n<p style=\"text-align: justify;\">Aqui vai mais um spoiler: tem uma entrevista especial com o advogado Leonardo Muylaert, o Super-Homem brasileiro, que usa seus \u201cpoderes\u201d de her\u00f3i para espalhar o bem, e um v\u00eddeo emocionante de uma pequena Mulher Maravilha.<\/p>\n<p style=\"text-align: justify;\"><iframe id=\"instagram-embed-0\" class=\"instagram-media instagram-media-rendered\" src=\"https:\/\/www.instagram.com\/reel\/Cv8OA73JzeI\/embed\/captioned\/?cr=1&amp;v=14&amp;wp=500&amp;rd=https%3A%2F%2Fwww.cnnbrasil.com.br&amp;rp=%2Fentretenimento%2Fcegos-recuperam-visao-com-implantes-feitos-de-pele-de-porco%2F#%7B%22ci%22%3A0%2C%22os%22%3A10745.599999999977%7D\" height=\"973\" frameborder=\"0\" scrolling=\"no\" allowfullscreen=\"allowfullscreen\" data-instgrm-payload-id=\"instagram-media-payload-0\" data-gtm-yt-inspected-46923520_534=\"true\" data-gtm-yt-inspected-7=\"true\" data-gtm-yt-inspected-46923520_480=\"true\" data-mce-fragment=\"1\"><\/iframe><\/p>\n<p style=\"text-align: justify;\">\n<h2 style=\"text-align: justify;\">Parceria com o AdoteViCa<\/h2>\n<p style=\"text-align: justify;\">A cada programa, c\u00e3es dispon\u00edveis para ado\u00e7\u00e3o do AdoteViCa marcam presen\u00e7a no est\u00fadio.<\/p>\n<p style=\"text-align: justify;\">Em 2017, descontentes com a venda de filhotes em uma franquia de petshop que haviam comprado, o casal Amanda Senna e Marcos Vieira da Cunha decidiu transformar a estrutura do neg\u00f3cio em um ponto de ado\u00e7\u00e3o.<\/p>\n<p style=\"text-align: justify;\">Desde ent\u00e3o, mantendo a oferta normal de servi\u00e7os de um petshop, eles j\u00e1 mudaram a vida de mais de seis mil animais e fam\u00edlias que optaram por adotar. Os gatos e cachorrinhos chegam ao ViCa, em sua maioria, pela parceria com a Recanto Bicho Feliz, uma ONG que re\u00fane animais resgatados do abandono ou de situa\u00e7\u00f5es de risco.<\/p>\n<p style=\"text-align: justify;\">A p\u00e1gina do Instagram, abastecida com os pets e suas hist\u00f3rias e tamb\u00e9m com os retratos das novas fam\u00edlias de cada um, j\u00e1 conta com quase 190 mil seguidores \u2013 entre eles, alguns famosos. As chefs Paola Carosella e Bela Gil s\u00e3o exemplos de personalidades que passaram pelo centro de ado\u00e7\u00e3o e levaram pra casa novos membros da fam\u00edlia.<\/p>\n<h2 style=\"text-align: justify;\">Como fazer para adotar?<\/h2>\n<p style=\"text-align: justify;\">Al\u00e9m de ter muita vontade de ter um parceiro para a vida e, claro, responsabilidade para cuidar dele por muitos anos, o Adote ViCa tem algumas regras.<\/p>\n<p style=\"text-align: justify;\">Para levar um animal para a casa, o centro de ado\u00e7\u00e3o exige que a pessoa seja maior de 18 anos de idade, e que leve o seu RG e comprovante de resid\u00eancia na hora de adotar.<\/p>\n<p style=\"text-align: justify;\">O centro de ado\u00e7\u00e3o ViCa fica na Rua Pamplona, 1481, no bairro Jardins, em S\u00e3o Paulo. Funciona de segunda a sexta-feira, das 8h30 \u00e0s 20h, e aos s\u00e1bados, das 9h \u00e0s 18h.<\/p>\n<p>&nbsp;<\/p>\n<p>&nbsp;<\/p>\n<p>&nbsp;<\/p>\n<p>cnnbrasil<\/p>\n","protected":false},"excerpt":{"rendered":"<p>A cegueira pode ser tida como uma condi\u00e7\u00e3o irrevers\u00edvel para a maioria das pessoas \u2013 mas n\u00e3o para a\u00a0ci\u00eancia. Pesquisadores da Universidade de Link\u00f6ping, na Su\u00e9cia,\u00a0conseguiram restaurar a vis\u00e3o de 20 pessoas\u00a0que tinham problemas na c\u00f3rnea ap\u00f3s um experimento piloto que usou implantes feitos de um material nada \u00f3bvio: pele de porco. Entre os volunt\u00e1rios<\/p>\n","protected":false},"author":1,"featured_media":6462,"comment_status":"open","ping_status":"open","sticky":false,"template":"","format":"standard","meta":{"_eb_attr":"","footnotes":""},"categories":[7,5],"tags":[],"class_list":["post-6460","post","type-post","status-publish","format-standard","has-post-thumbnail","hentry","category-destaque","category-saude"],"_links":{"self":[{"href":"https:\/\/portalmidia.net\/index.php\/wp-json\/wp\/v2\/posts\/6460","targetHints":{"allow":["GET"]}}],"collection":[{"href":"https:\/\/portalmidia.net\/index.php\/wp-json\/wp\/v2\/posts"}],"about":[{"href":"https:\/\/portalmidia.net\/index.php\/wp-json\/wp\/v2\/types\/post"}],"author":[{"embeddable":true,"href":"https:\/\/portalmidia.net\/index.php\/wp-json\/wp\/v2\/users\/1"}],"replies":[{"embeddable":true,"href":"https:\/\/portalmidia.net\/index.php\/wp-json\/wp\/v2\/comments?post=6460"}],"version-history":[{"count":0,"href":"https:\/\/portalmidia.net\/index.php\/wp-json\/wp\/v2\/posts\/6460\/revisions"}],"wp:featuredmedia":[{"embeddable":true,"href":"https:\/\/portalmidia.net\/index.php\/wp-json\/wp\/v2\/media\/6462"}],"wp:attachment":[{"href":"https:\/\/portalmidia.net\/index.php\/wp-json\/wp\/v2\/media?parent=6460"}],"wp:term":[{"taxonomy":"category","embeddable":true,"href":"https:\/\/portalmidia.net\/index.php\/wp-json\/wp\/v2\/categories?post=6460"},{"taxonomy":"post_tag","embeddable":true,"href":"https:\/\/portalmidia.net\/index.php\/wp-json\/wp\/v2\/tags?post=6460"}],"curies":[{"name":"wp","href":"https:\/\/api.w.org\/{rel}","templated":true}]}}