 {"id":6864,"date":"2023-08-31T09:38:28","date_gmt":"2023-08-31T12:38:28","guid":{"rendered":"https:\/\/portalmidia.net\/?p=6864"},"modified":"2023-08-31T09:38:28","modified_gmt":"2023-08-31T12:38:28","slug":"drama-com-atores-e-co-producao-da-paraiba-entra-na-lista-de-filmes-que-poderao-representar-brasil-no-oscar-2024","status":"publish","type":"post","link":"https:\/\/portalmidia.net\/index.php\/2023\/08\/31\/drama-com-atores-e-co-producao-da-paraiba-entra-na-lista-de-filmes-que-poderao-representar-brasil-no-oscar-2024\/","title":{"rendered":"Drama com atores e co-produ\u00e7\u00e3o da Para\u00edba entra na lista de filmes que poder\u00e3o representar Brasil no Oscar 2024"},"content":{"rendered":"<p style=\"text-align: justify;\">O Alecrim e o Sonho. Este \u00e9 o nome do longa-metragem com co-produ\u00e7\u00e3o paraibana que entrou na lista dos filmes aptos a representarem o Brasil no Oscar 2024. A informa\u00e7\u00e3o foi divulgada na segunda-feira (28), pela Academia Brasileira de Cinema e Artes Audiovisuais. Estrelado pelos atores paraibanos Fernando Teixeira,\u00a0Zezita Matos, Suzy Lopes, Baixinho do Pandeiro e Daniel Porpino, o\u00a0drama\u00a0conta a hist\u00f3ria de Vicente, um professor aposentado e vi\u00favo, que mora no bairro do Alecrim, em Natal, no Rio Grande do Norte.<\/p>\n<p style=\"text-align: justify;\">Conforme apurou o ClickPB, o drama produzido no Rio Grande do Norte e\u00a0dirigido pelo potiguar Val\u00e9rio Fonseca est\u00e1 entre os 28 filmes brasileiros que poder\u00e3o representar o pa\u00eds na disputa pela indica\u00e7\u00e3o ao Oscar de Melhor Filme Internacional \ufe0fem 2024, marcado para o dia 10 de mar\u00e7o. Nas pr\u00f3ximas semanas, a comiss\u00e3o deve se reunir pelo menos duas vezes para definir o filme indicado. O resultado ser\u00e1 anunciado no dia 12 de setembro.<\/p>\n<p style=\"text-align: justify;\">&#8220;Que alegria!!! Nosso filme &#8220;O Alecrim e o sonho&#8221; est\u00e1 na lista divulgada ontem pela academia de cinema brasileiro para concorrer a uma vaga no Oscar de melhor filme estrangeiro. Obrigado a todo mundo!! Alegria total&#8221;, disse o diretor Val\u00e9rio Fonseca, em publica\u00e7\u00e3o nas redes sociais.<\/p>\n<div style=\"text-align: justify;\"><iframe id=\"instagram-embed-0\" class=\"instagram-media instagram-media-rendered\" src=\"https:\/\/www.instagram.com\/p\/Cwh01UwuQxw\/embed\/captioned\/?cr=1&amp;v=14&amp;wp=540&amp;rd=https%3A%2F%2Fwww.clickpb.com.br&amp;rp=%2Fadmin%2Fportal%2Fportalarticle%2Fadd%2F#%7B%22ci%22%3A0%2C%22os%22%3A69797.20000000298%2C%22ls%22%3A69359.20000000298%2C%22le%22%3A69794%7D\" height=\"710\" frameborder=\"0\" scrolling=\"no\" allowfullscreen=\"allowfullscreen\" data-instgrm-payload-id=\"instagram-media-payload-0\" data-mce-fragment=\"1\"><\/iframe><\/div>\n<p style=\"text-align: justify;\"><strong>O filme<\/strong><\/p>\n<p style=\"text-align: justify;\">O Alecrim e o Sonho estreou mundialmente na \u00cdndia, em Novembro de 2022, e em Dezembro, no Molodist kyiv International Film Festival na Ucr\u00e2nia, recebendo pr\u00eamio especial do j\u00fari. No Brasil, a estreia nos cinemas aconteceu no \u00faltimo dia 10 de agosto. O drama tem 1h51min\u00a0de dura\u00e7\u00e3o\u00a0e \u00e9 estrelado pelos paraibanos: Fernando Teixeira, Zezita Matos, Suzy Lopes, Baixinho do Pandeiro e Daniel Porpino; al\u00e9m de\u00a0Bianca Lopes, Vanessa Labre, \u00c1lvaro Dantas, \u00canio Cavalcante , Civone Medeiros, Alessandra Augusta, Firmino Brasil, Auzeh Freitas,\u00a0Maykon Oliiver\u00a0e a\u00a0participa\u00e7\u00e3o especial do ator global Stepan Stepan Nercessian.<\/p>\n<figure style=\"text-align: justify;\"><img decoding=\"async\" src=\"https:\/\/www.clickpb.com.br\/media\/filer_public\/e5\/60\/e5603f38-4ac7-4420-b93c-012605b3c71c\/cartaz_filme_alecrim.jpg\" data-image=\"434996\" \/><\/figure>\n<p style=\"text-align: justify;\">Vicente (Fernando Teixeira) \u00e9 um professor vi\u00favo e aposentado que mora no bairro do Alecrim, em Natal (RN), e vive entre sonhos l\u00facidos e a realidade cruel de uma sociedade que n\u00e3o respeita uma pessoa experiente e cheia de sabedoria. A realidade dos sonhos amenizam a dificuldade de enfrentar preconceitos e o \u00f3dio do mundo ao redor.<\/p>\n<div class=\"videoContainer\" style=\"text-align: justify;\"><iframe class=\"\" title=\"O Alecrim e o Sonho 2023\u00a0 \u00a0Trailer Oficial\" src=\"https:\/\/www.youtube.com\/embed\/ferKHve5Ez4\" width=\"745\" height=\"403\" frameborder=\"0\" allowfullscreen=\"allowfullscreen\" data-mce-fragment=\"1\"><\/iframe><\/div>\n<p style=\"text-align: justify;\"><strong>Confira a lista de filmes aptos a representar o Brasil no Oscar:<\/strong><\/p>\n<ul style=\"text-align: justify;\">\n<li>A primeira morte de Joana, de Cristiane Oliveira<\/li>\n<li>Angela, de Hugo Prata<\/li>\n<li>Chef Jack, o cozinheiro aventureiro, de Guilherme Fiuza Zenha<\/li>\n<li>Elis &amp; Tom, s\u00f3 tinha de ser com voc\u00ea, de Roberto de Oliveira<\/li>\n<li>Estranho caminho, de Guto Parente<\/li>\n<li>Jair Rodrigues &#8211; Deixa que digam, de Rubens Rewald<\/li>\n<li>Mais pesado \u00e9 o c\u00e9u, de Petrus Cariry<\/li>\n<li>Medusa, de Anita Rocha da Silveira<\/li>\n<li>Ningu\u00e9m \u00e9 de ningu\u00e9m, de Wagner de Assis<\/li>\n<li>Noites alien\u00edgenas, de Sergio de Carvalho<\/li>\n<li>Nosso sonho, de Eduardo Albergaria<\/li>\n<li>O alecrim e o sonho, de Valerio Fonseca<\/li>\n<li>O espa\u00e7o infinito, de Leo Bello<\/li>\n<li>O faixa preta &#8211; A verdadeira hist\u00f3ria de Fernardo Terer\u00ea, de Caco Souza<\/li>\n<li>O homem cordial, de Ibere Carvalho<\/li>\n<li>O mestre da fuma\u00e7a, de Andr\u00e9 Sigwalt e Augusto Soares<\/li>\n<li>O rio do desejo, de Sergio Machado<\/li>\n<li>Ped\u00e1gio, de Carolina Markowicz<\/li>\n<li>Perdida, de Luiza Shelling Tubaldini<\/li>\n<li>Perlimps, de Al\u00ea Abreu<\/li>\n<li>Raquel 1:1, de Mariana Bastos<\/li>\n<li>Regra 34, de Julia Murat<\/li>\n<li>Retratos Fantasmas, de Kleber Mendon\u00e7a Filho<\/li>\n<li>Segundo Tempo, de Rubens Rewald<\/li>\n<li>Sinfonia de um homem comum, de Jos\u00e9 Joffily<\/li>\n<li>Tia Virginia, de Fabio Meira<\/li>\n<li>Tra\u00e7\u00e3o, de Andr\u00e9 Lu\u00eds<\/li>\n<li>Urubus, de Claudio Borrelli<\/li>\n<\/ul>\n<p style=\"text-align: justify;\">\n<p style=\"text-align: justify;\">\n<p style=\"text-align: justify;\">\n<p style=\"text-align: justify;\">\n<p style=\"text-align: justify;\">clickpb<\/p>\n","protected":false},"excerpt":{"rendered":"<p>O Alecrim e o Sonho. Este \u00e9 o nome do longa-metragem com co-produ\u00e7\u00e3o paraibana que entrou na lista dos filmes aptos a representarem o Brasil no Oscar 2024. A informa\u00e7\u00e3o foi divulgada na segunda-feira (28), pela Academia Brasileira de Cinema e Artes Audiovisuais. Estrelado pelos atores paraibanos Fernando Teixeira,\u00a0Zezita Matos, Suzy Lopes, Baixinho do Pandeiro<\/p>\n","protected":false},"author":1,"featured_media":6866,"comment_status":"open","ping_status":"open","sticky":false,"template":"","format":"standard","meta":{"_eb_attr":"","footnotes":""},"categories":[7,9],"tags":[],"class_list":["post-6864","post","type-post","status-publish","format-standard","has-post-thumbnail","hentry","category-destaque","category-entretenimento"],"_links":{"self":[{"href":"https:\/\/portalmidia.net\/index.php\/wp-json\/wp\/v2\/posts\/6864","targetHints":{"allow":["GET"]}}],"collection":[{"href":"https:\/\/portalmidia.net\/index.php\/wp-json\/wp\/v2\/posts"}],"about":[{"href":"https:\/\/portalmidia.net\/index.php\/wp-json\/wp\/v2\/types\/post"}],"author":[{"embeddable":true,"href":"https:\/\/portalmidia.net\/index.php\/wp-json\/wp\/v2\/users\/1"}],"replies":[{"embeddable":true,"href":"https:\/\/portalmidia.net\/index.php\/wp-json\/wp\/v2\/comments?post=6864"}],"version-history":[{"count":0,"href":"https:\/\/portalmidia.net\/index.php\/wp-json\/wp\/v2\/posts\/6864\/revisions"}],"wp:featuredmedia":[{"embeddable":true,"href":"https:\/\/portalmidia.net\/index.php\/wp-json\/wp\/v2\/media\/6866"}],"wp:attachment":[{"href":"https:\/\/portalmidia.net\/index.php\/wp-json\/wp\/v2\/media?parent=6864"}],"wp:term":[{"taxonomy":"category","embeddable":true,"href":"https:\/\/portalmidia.net\/index.php\/wp-json\/wp\/v2\/categories?post=6864"},{"taxonomy":"post_tag","embeddable":true,"href":"https:\/\/portalmidia.net\/index.php\/wp-json\/wp\/v2\/tags?post=6864"}],"curies":[{"name":"wp","href":"https:\/\/api.w.org\/{rel}","templated":true}]}}