 {"id":7234,"date":"2023-09-02T10:01:03","date_gmt":"2023-09-02T13:01:03","guid":{"rendered":"https:\/\/portalmidia.net\/?p=7234"},"modified":"2023-09-02T10:01:03","modified_gmt":"2023-09-02T13:01:03","slug":"motorista-morre-esmagado-ao-fazer-vistoria-em-onibus-dentro-de-garagem-de-empresa-em-joao-pessoa","status":"publish","type":"post","link":"https:\/\/portalmidia.net\/index.php\/2023\/09\/02\/motorista-morre-esmagado-ao-fazer-vistoria-em-onibus-dentro-de-garagem-de-empresa-em-joao-pessoa\/","title":{"rendered":"Motorista morre esmagado ao fazer vistoria em \u00f4nibus dentro de garagem de empresa em Jo\u00e3o Pessoa"},"content":{"rendered":"<div id=\"chunk-9i1b2\">\n<div class=\"mc-column content-text active-extra-styles \" data-block-type=\"unstyled\" data-block-weight=\"43\" data-block-id=\"3\">\n<p class=\"content-text__container \" style=\"text-align: justify;\" data-track-category=\"Link no Texto\" data-track-links=\"\">Um motorista de \u00f4nibus identificado como Jo\u00e3o da Concei\u00e7\u00e3o morreu na manh\u00e3 desta sexta-feira (1\u00ba), em\u00a0<a class=\"\" href=\"https:\/\/g1.globo.com\/pb\/paraiba\/cidade\/joao-pessoa\/\">Jo\u00e3o Pessoa<\/a>, v\u00edtima de um acidente de trabalho. Ele fazia uma verifica\u00e7\u00e3o em um dos ve\u00edculos na garagem da empresa em que trabalhava e acabou morrendo esmagado.<\/p>\n<\/div>\n<\/div>\n<div class=\"wall protected-content\" style=\"text-align: justify;\">\n<div id=\"chunk-9r79l\">\n<div class=\"mc-column content-text active-extra-styles \" data-block-type=\"unstyled\" data-block-weight=\"38\" data-block-id=\"4\">\n<p class=\"content-text__container \" data-track-category=\"Link no Texto\" data-track-links=\"\">Segundo testemunhas, ele tinha erguido o \u00f4nibus com a ajuda de macaco hidr\u00e1ulico e estava debaixo dele fazendo alguns ajustes quando o equipamento falhou. O \u00f4nibus, assim, caiu em cima do mec\u00e2nico, provocando uma grave les\u00e3o no t\u00f3rax.<\/p>\n<\/div>\n<\/div>\n<div id=\"chunk-9nhic\">\n<div class=\"mc-column content-text active-extra-styles \" data-block-type=\"unstyled\" data-block-weight=\"62\" data-block-id=\"5\">\n<p class=\"content-text__container \" data-track-category=\"Link no Texto\" data-track-links=\"\">O homem teve morte imediata. E, rapidamente, foram acionadas as pol\u00edcias Militar e Civil. Equipes da Ger\u00eancia de Medicina e Odontologia Legal (Gemol) e do Instituto de Pol\u00edcia Cient\u00edfica (IPC) tamb\u00e9m foram ao local. Essas equipes ter\u00e3o a responsabilidade de fazer a retirada do corpo da garagem e realizar a per\u00edcia para entender o que de fato provocou a morte do motorista.<\/p>\n<\/div>\n<\/div>\n<div id=\"chunk-7m62j\">\n<div class=\"content-ads content-ads--reveal\" data-block-type=\"ads\" data-block-id=\"6\">\n<div id=\"banner_materia2\" class=\"tag-manager-publicidade-container mc-has-reveal mc-has-ad-lazyload\" data-id=\"banner_materia2\">\n<div id=\"google_ads_iframe_\/95377733\/tvg_G1\/Sua_Regiao&gt;Nordeste&gt;Paraiba_3__container__\" style=\"box-sizing: inherit; margin: auto; padding: 0px; border: 0pt none; font: inherit; vertical-align: baseline; text-align: center; width: 970px; height: 0px;\"><\/div>\n<\/div>\n<\/div>\n<\/div>\n<div id=\"chunk-9157t\">\n<div class=\"mc-column content-text active-extra-styles \" data-block-type=\"unstyled\" data-block-weight=\"21\" data-block-id=\"7\">\n<p class=\"content-text__container \" data-track-category=\"Link no Texto\" data-track-links=\"\">Amigos da v\u00edtima disseram que ele tinha mais de 50 anos de idade e ao menos h\u00e1 28 trabalhava no local.<\/p>\n<\/div>\n<\/div>\n<div id=\"chunk-cmvii\">\n<div class=\"mc-column content-text active-extra-styles \" data-block-type=\"unstyled\" data-block-weight=\"37\" data-block-id=\"8\">\n<p class=\"content-text__container \" data-track-category=\"Link no Texto\" data-track-links=\"\">A empresa onde ele trabalhava ainda n\u00e3o se pronunciou sobre o acidente de trabalho. Mas Isaac J\u00fanior, diretor do Sindicato das Empresas de Transporte Coletivo Urbano de Passageiros no Munic\u00edpio de Jo\u00e3o Pessoa, falou sobre o problema.<\/p>\n<\/div>\n<\/div>\n<div data-track-category=\"multicontent\" data-track-action=\"ultimo chunk conteudo\" data-track-noninteraction=\"false\" data-track-scroll=\"view\">\n<div id=\"chunk-8djlg\">\n<div class=\"mc-column content-text active-extra-styles \" data-block-type=\"unstyled\" data-block-weight=\"46\" data-block-id=\"9\">\n<p class=\"content-text__container \" data-track-category=\"Link no Texto\" data-track-links=\"\">Ele disse que se tratava de &#8220;um motorista muito zeloso&#8221;, que nesta sexta-feira (1\u00ba) iria fazer uma viagem para Recife. Antes, por\u00e9m, resolveu realizar uma vistoria geral de rotina para saber se estava tudo bem com o ve\u00edculo. Ele definiu o acidente como sendo uma &#8220;fatalidade&#8221;.<\/p>\n<\/div>\n<\/div>\n<\/div>\n<\/div>\n<p style=\"text-align: justify;\" data-track-category=\"Link no Texto\" data-track-links=\"\">\n<p style=\"text-align: justify;\" data-track-category=\"Link no Texto\" data-track-links=\"\">\n<p style=\"text-align: justify;\" data-track-category=\"Link no Texto\" data-track-links=\"\">\n<p style=\"text-align: justify;\" data-track-category=\"Link no Texto\" data-track-links=\"\">\n<p style=\"text-align: justify;\" data-track-category=\"Link no Texto\" data-track-links=\"\">\n<p style=\"text-align: justify;\" data-track-category=\"Link no Texto\" data-track-links=\"\">G1<\/p>\n","protected":false},"excerpt":{"rendered":"<p>Um motorista de \u00f4nibus identificado como Jo\u00e3o da Concei\u00e7\u00e3o morreu na manh\u00e3 desta sexta-feira (1\u00ba), em\u00a0Jo\u00e3o Pessoa, v\u00edtima de um acidente de trabalho. Ele fazia uma verifica\u00e7\u00e3o em um dos ve\u00edculos na garagem da empresa em que trabalhava e acabou morrendo esmagado. Segundo testemunhas, ele tinha erguido o \u00f4nibus com a ajuda de macaco hidr\u00e1ulico<\/p>\n","protected":false},"author":1,"featured_media":7236,"comment_status":"open","ping_status":"open","sticky":false,"template":"","format":"standard","meta":{"_eb_attr":"","footnotes":""},"categories":[7,2],"tags":[],"class_list":["post-7234","post","type-post","status-publish","format-standard","has-post-thumbnail","hentry","category-destaque","category-policial"],"_links":{"self":[{"href":"https:\/\/portalmidia.net\/index.php\/wp-json\/wp\/v2\/posts\/7234","targetHints":{"allow":["GET"]}}],"collection":[{"href":"https:\/\/portalmidia.net\/index.php\/wp-json\/wp\/v2\/posts"}],"about":[{"href":"https:\/\/portalmidia.net\/index.php\/wp-json\/wp\/v2\/types\/post"}],"author":[{"embeddable":true,"href":"https:\/\/portalmidia.net\/index.php\/wp-json\/wp\/v2\/users\/1"}],"replies":[{"embeddable":true,"href":"https:\/\/portalmidia.net\/index.php\/wp-json\/wp\/v2\/comments?post=7234"}],"version-history":[{"count":0,"href":"https:\/\/portalmidia.net\/index.php\/wp-json\/wp\/v2\/posts\/7234\/revisions"}],"wp:featuredmedia":[{"embeddable":true,"href":"https:\/\/portalmidia.net\/index.php\/wp-json\/wp\/v2\/media\/7236"}],"wp:attachment":[{"href":"https:\/\/portalmidia.net\/index.php\/wp-json\/wp\/v2\/media?parent=7234"}],"wp:term":[{"taxonomy":"category","embeddable":true,"href":"https:\/\/portalmidia.net\/index.php\/wp-json\/wp\/v2\/categories?post=7234"},{"taxonomy":"post_tag","embeddable":true,"href":"https:\/\/portalmidia.net\/index.php\/wp-json\/wp\/v2\/tags?post=7234"}],"curies":[{"name":"wp","href":"https:\/\/api.w.org\/{rel}","templated":true}]}}