 {"id":7263,"date":"2023-09-02T10:13:09","date_gmt":"2023-09-02T13:13:09","guid":{"rendered":"https:\/\/portalmidia.net\/?p=7263"},"modified":"2023-09-02T10:13:09","modified_gmt":"2023-09-02T13:13:09","slug":"no-limite-e-cancelado-pela-globo-apos-fracasso-de-audiencia","status":"publish","type":"post","link":"https:\/\/portalmidia.net\/index.php\/2023\/09\/02\/no-limite-e-cancelado-pela-globo-apos-fracasso-de-audiencia\/","title":{"rendered":"No Limite \u00e9 cancelado pela Globo ap\u00f3s fracasso de audi\u00eancia"},"content":{"rendered":"<p style=\"text-align: justify;\">A\u00a0<a href=\"https:\/\/www.instagram.com\/tvglobo\/\" rel=\"noopener\">Globo<\/a>\u00a0decidiu n\u00e3o renovar o No Limite para uma nova temporada.\u00a0A emissora encerrou o contrato com o programa por conta da audi\u00eancia baixa. \u201cN\u00e3o h\u00e1 previs\u00e3o de exibi\u00e7\u00e3o de uma nova edi\u00e7\u00e3o do No Limite para 2024\u201d, diz a Globo em nota.<\/p>\n<div class=\"m-banner-wrap m-banner-rectangle m-publicity-content-middle\" style=\"text-align: justify;\"><\/div>\n<p style=\"text-align: justify;\" data-gtm-vis-recent-on-screen-104869357_94=\"61246\" data-gtm-vis-first-on-screen-104869357_94=\"61246\" data-gtm-vis-total-visible-time-104869357_94=\"100\" data-gtm-vis-has-fired-104869357_94=\"1\">Para al\u00e9m das quest\u00f5es de audi\u00eancia, o No Limite tamb\u00e9m n\u00e3o despertava interesse comercial. Segundo o F5, a Globo s\u00f3 conseguiu fechar um \u00fanico contrato publicit\u00e1rio para 2023, apertando as contas para colocar a atra\u00e7\u00e3o no ar.<\/p>\n<p style=\"text-align: justify;\">\u00c9 o segundo reality show que a emissora cancela nos \u00faltimos dias.\u00a0Recentemente, a Globo tamb\u00e9m confirmou o fim do The Voice Brasil\u00a0ap\u00f3s 11 anos de produ\u00e7\u00e3o. Diferentemente do reality de sobreviv\u00eancia, a competi\u00e7\u00e3o musical tem uma \u00faltima edi\u00e7\u00e3o especial programada.<\/p>\n<p style=\"text-align: justify;\">\n<p style=\"text-align: justify;\">\n<p style=\"text-align: justify;\">\n<p style=\"text-align: justify;\">\n<p style=\"text-align: justify;\">metropoles<\/p>\n","protected":false},"excerpt":{"rendered":"<p>A\u00a0Globo\u00a0decidiu n\u00e3o renovar o No Limite para uma nova temporada.\u00a0A emissora encerrou o contrato com o programa por conta da audi\u00eancia baixa. \u201cN\u00e3o h\u00e1 previs\u00e3o de exibi\u00e7\u00e3o de uma nova edi\u00e7\u00e3o do No Limite para 2024\u201d, diz a Globo em nota. Para al\u00e9m das quest\u00f5es de audi\u00eancia, o No Limite tamb\u00e9m n\u00e3o despertava interesse comercial.<\/p>\n","protected":false},"author":1,"featured_media":7265,"comment_status":"open","ping_status":"open","sticky":false,"template":"","format":"standard","meta":{"_eb_attr":"","footnotes":""},"categories":[7,9],"tags":[],"class_list":["post-7263","post","type-post","status-publish","format-standard","has-post-thumbnail","hentry","category-destaque","category-entretenimento"],"_links":{"self":[{"href":"https:\/\/portalmidia.net\/index.php\/wp-json\/wp\/v2\/posts\/7263","targetHints":{"allow":["GET"]}}],"collection":[{"href":"https:\/\/portalmidia.net\/index.php\/wp-json\/wp\/v2\/posts"}],"about":[{"href":"https:\/\/portalmidia.net\/index.php\/wp-json\/wp\/v2\/types\/post"}],"author":[{"embeddable":true,"href":"https:\/\/portalmidia.net\/index.php\/wp-json\/wp\/v2\/users\/1"}],"replies":[{"embeddable":true,"href":"https:\/\/portalmidia.net\/index.php\/wp-json\/wp\/v2\/comments?post=7263"}],"version-history":[{"count":0,"href":"https:\/\/portalmidia.net\/index.php\/wp-json\/wp\/v2\/posts\/7263\/revisions"}],"wp:featuredmedia":[{"embeddable":true,"href":"https:\/\/portalmidia.net\/index.php\/wp-json\/wp\/v2\/media\/7265"}],"wp:attachment":[{"href":"https:\/\/portalmidia.net\/index.php\/wp-json\/wp\/v2\/media?parent=7263"}],"wp:term":[{"taxonomy":"category","embeddable":true,"href":"https:\/\/portalmidia.net\/index.php\/wp-json\/wp\/v2\/categories?post=7263"},{"taxonomy":"post_tag","embeddable":true,"href":"https:\/\/portalmidia.net\/index.php\/wp-json\/wp\/v2\/tags?post=7263"}],"curies":[{"name":"wp","href":"https:\/\/api.w.org\/{rel}","templated":true}]}}