 {"id":7391,"date":"2023-09-04T08:10:11","date_gmt":"2023-09-04T11:10:11","guid":{"rendered":"https:\/\/portalmidia.net\/?p=7391"},"modified":"2023-09-04T08:10:11","modified_gmt":"2023-09-04T11:10:11","slug":"mingau-do-ultraje-a-rigor-passa-por-cirurgia-no-cranio-de-3h30-em-hospital-de-sp","status":"publish","type":"post","link":"https:\/\/portalmidia.net\/index.php\/2023\/09\/04\/mingau-do-ultraje-a-rigor-passa-por-cirurgia-no-cranio-de-3h30-em-hospital-de-sp\/","title":{"rendered":"Mingau, do Ultraje a Rigor, passa por cirurgia no cr\u00e2nio de 3h30 em hospital de SP"},"content":{"rendered":"<p style=\"text-align: justify;\">O baixista Rinaldo Amaral, o Mingau, da banda\u00a0Ultraje a Rigor,\u00a0baleado na cabe\u00e7a em Paraty, litoral sul do Rio de Janeiro, na madrugada deste domingo (3)\u00a0passou por uma cirurgia que durou 3h30 no Hospital S\u00e3o Luiz do Itaim, da Rede D\u2019Or, para onde ele foi transferido durante a tarde.<\/p>\n<p style=\"text-align: justify;\">\u201cO quadro cl\u00ednico \u00e9 grave, e o paciente seguir\u00e1 aos cuidados da Unidade de Terapia Intensiva, sedado e mantido sob ventila\u00e7\u00e3o mec\u00e2nica\u201d, diz o comunicado do hospital.<\/p>\n<p style=\"text-align: justify;\">Ele chegou ao Hospital S\u00e3o Luiz Itaim, na zona sul da capital paulista, por volta das 14h.\u00a0<strong>Veja abaixo o v\u00eddeo do helic\u00f3ptero chegando ao hospital.<\/strong><\/p>\n<p style=\"text-align: justify;\">O Hospital S\u00e3o Luiz do Itaim informou, atrav\u00e9s de sua assessoria, que Mingau \u201cfoi imediatamente recebido pela equipe do servi\u00e7o que o aguardava. O quadro cl\u00ednico \u00e9 considerado delicado. O paciente receber\u00e1 toda a assist\u00eancia necess\u00e1ria para seu caso, que est\u00e1 sob a coordena\u00e7\u00e3o do neurocirurgi\u00e3o Manoel Jacobsen Teixeira\u201d.<\/p>\n<p style=\"text-align: justify;\">A produtora da banda, Sammantha Donadel, afirmou que o baixista ser\u00e1 encaminhado para fazer uma tomografia.<\/p>\n<p style=\"text-align: justify;\">Atrav\u00e9s da assessoria da Prefeitura de Paraty, a dire\u00e7\u00e3o do Hospital Municipal Hugo Miranda informou que o baixista \u201cfoi estabilizado pela equipe do hospital e foi feita a avalia\u00e7\u00e3o pela equipe de neurocirurgia, que constatou a necessidade de transfer\u00eancia para um hospital especializado em neuroci\u00eancia\u201d.<\/p>\n<p style=\"text-align: justify;\">\u201cA Secretaria Estadual de Sa\u00fade autorizou que a aeronave do Corpo de Bombeiros, equipada com UTI M\u00f3vel, fa\u00e7a transfer\u00eancia\u201d, acrescentou.<\/p>\n<p style=\"text-align: justify;\">Em nota, o prefeito Luciano Vidal agradeceu ao secret\u00e1rio de Sa\u00fade estadual, Dr. Luizinho, e ao governador Cl\u00e1udio Castro (PL) pelo apoio na opera\u00e7\u00e3o de transfer\u00eancia.<\/p>\n<p style=\"text-align: justify;\">\u201cAgora \u00e9 pedir para Deus e colocar nas m\u00e3os da equipe m\u00e9dica que v\u00e3o proceder os futuros procedimentos. Quero aqui agradecer o apoio de todos indispens\u00e1vel neste momento\u201d, disse o prefeito.<\/p>\n<p>&nbsp;<\/p>\n<p>&nbsp;<\/p>\n<p>&nbsp;<\/p>\n<p>cnnbrasil<\/p>\n","protected":false},"excerpt":{"rendered":"<p>O baixista Rinaldo Amaral, o Mingau, da banda\u00a0Ultraje a Rigor,\u00a0baleado na cabe\u00e7a em Paraty, litoral sul do Rio de Janeiro, na madrugada deste domingo (3)\u00a0passou por uma cirurgia que durou 3h30 no Hospital S\u00e3o Luiz do Itaim, da Rede D\u2019Or, para onde ele foi transferido durante a tarde. \u201cO quadro cl\u00ednico \u00e9 grave, e o<\/p>\n","protected":false},"author":1,"featured_media":7393,"comment_status":"open","ping_status":"open","sticky":false,"template":"","format":"standard","meta":{"_eb_attr":"","footnotes":""},"categories":[7,11],"tags":[],"class_list":["post-7391","post","type-post","status-publish","format-standard","has-post-thumbnail","hentry","category-destaque","category-famosos"],"_links":{"self":[{"href":"https:\/\/portalmidia.net\/index.php\/wp-json\/wp\/v2\/posts\/7391","targetHints":{"allow":["GET"]}}],"collection":[{"href":"https:\/\/portalmidia.net\/index.php\/wp-json\/wp\/v2\/posts"}],"about":[{"href":"https:\/\/portalmidia.net\/index.php\/wp-json\/wp\/v2\/types\/post"}],"author":[{"embeddable":true,"href":"https:\/\/portalmidia.net\/index.php\/wp-json\/wp\/v2\/users\/1"}],"replies":[{"embeddable":true,"href":"https:\/\/portalmidia.net\/index.php\/wp-json\/wp\/v2\/comments?post=7391"}],"version-history":[{"count":0,"href":"https:\/\/portalmidia.net\/index.php\/wp-json\/wp\/v2\/posts\/7391\/revisions"}],"wp:featuredmedia":[{"embeddable":true,"href":"https:\/\/portalmidia.net\/index.php\/wp-json\/wp\/v2\/media\/7393"}],"wp:attachment":[{"href":"https:\/\/portalmidia.net\/index.php\/wp-json\/wp\/v2\/media?parent=7391"}],"wp:term":[{"taxonomy":"category","embeddable":true,"href":"https:\/\/portalmidia.net\/index.php\/wp-json\/wp\/v2\/categories?post=7391"},{"taxonomy":"post_tag","embeddable":true,"href":"https:\/\/portalmidia.net\/index.php\/wp-json\/wp\/v2\/tags?post=7391"}],"curies":[{"name":"wp","href":"https:\/\/api.w.org\/{rel}","templated":true}]}}