 {"id":7515,"date":"2023-09-05T07:51:18","date_gmt":"2023-09-05T10:51:18","guid":{"rendered":"https:\/\/portalmidia.net\/?p=7515"},"modified":"2023-09-05T07:51:38","modified_gmt":"2023-09-05T10:51:38","slug":"lula-aprova-texto-que-impoe-demissao-a-servidores-por-assedio-sexual","status":"publish","type":"post","link":"https:\/\/portalmidia.net\/index.php\/2023\/09\/05\/lula-aprova-texto-que-impoe-demissao-a-servidores-por-assedio-sexual\/","title":{"rendered":"Lula aprova texto que imp\u00f5e demiss\u00e3o a servidores por ass\u00e9dio sexual"},"content":{"rendered":"<p style=\"text-align: justify;\">O presidente\u00a0Luiz In\u00e1cio Lula da Silva (PT)\u00a0aprovou, nesta segunda-feira (4\/9), um parecer da Advocacia Geral da Uni\u00e3o (AGU) que imp\u00f5e demiss\u00e3o aos profissionais do servi\u00e7o p\u00fablico federal que praticarem\u00a0ass\u00e9dio sexual.<\/p>\n<div class=\"m-banner-wrap m-banner-rectangle m-publicity-content-middle\" style=\"text-align: justify;\"><\/div>\n<p style=\"text-align: justify;\" data-gtm-vis-recent-on-screen-104869357_94=\"21792\" data-gtm-vis-first-on-screen-104869357_94=\"21792\" data-gtm-vis-total-visible-time-104869357_94=\"100\" data-gtm-vis-has-fired-104869357_94=\"1\">Antes da aprova\u00e7\u00e3o do texto, o crime n\u00e3o era especificamente citado entre os desvios de fun\u00e7\u00e3o descritos na lei que rege a\u00a0administra\u00e7\u00e3o p\u00fablica.\u00a0Ou seja, havia brechas para puni\u00e7\u00f5es mais brandas em alguns casos.<\/p>\n<p style=\"text-align: justify;\" data-track-category=\"Link no Texto\" data-track-links=\"\">Al\u00e9m disso, segundo o documento, para ser configurado como ass\u00e9dio, a conduta n\u00e3o necessariamente precisar\u00e1 ser caracterizada por um agressor superior hierarquicamente \u00e0 v\u00edtima. Basta que o cargo seja de papel relevante no local de trabalho.<\/p>\n<div class=\"m-banner-wrap m-banner-rectangle m-publicity-content-middle\" style=\"text-align: justify;\"><\/div>\n<p style=\"text-align: justify;\"><strong>Veja o registro nas redes sociais do presidente:<\/strong><\/p>\n<p class=\"m-img-wrap\" style=\"text-align: justify;\"><span class=\"m-credit\">Reprodu\u00e7\u00e3o\/Twitter<\/span><img fetchpriority=\"high\" decoding=\"async\" class=\"size-medium wp-image-2821140 aligncenter\" src=\"https:\/\/uploads.metropoles.com\/wp-content\/uploads\/2023\/09\/04210810\/Lula-parecer-AGU-376x400.jpeg\" sizes=\"(max-width: 376px) 100vw, 376px\" srcset=\"https:\/\/uploads.metropoles.com\/wp-content\/uploads\/2023\/09\/04210810\/Lula-parecer-AGU-376x400.jpeg 376w, https:\/\/uploads.metropoles.com\/wp-content\/uploads\/2023\/09\/04210810\/Lula-parecer-AGU-601x640.jpeg 601w, https:\/\/uploads.metropoles.com\/wp-content\/uploads\/2023\/09\/04210810\/Lula-parecer-AGU-150x160.jpeg 150w, https:\/\/uploads.metropoles.com\/wp-content\/uploads\/2023\/09\/04210810\/Lula-parecer-AGU.jpeg 772w\" alt=\"print twitter lula sobre parecer da AGU - metr\u00f3poles\" width=\"376\" height=\"400\" data-description=\"Reprodu\u00e7\u00e3o\/Twitter\" data-pin=\"pinIt\" \/><\/p>\n<div class=\"\" style=\"text-align: justify;\">\n<div id=\"taboola-mid-article-reco-reel\" class=\"trc_related_container trc_spotlight_widget trc_elastic trc_elastic_rec-reel-2n5-a\" data-placement-name=\"Mid Article Reco Reel\">\n<div class=\"trc_rbox_container tbl-reco-reel story-widget tbl-reco-reel-text-under-slide-in story-widget-text-under-slide-in tbl-reco-reel-desktop tbl-story-desktop\">\n<div>\n<div id=\"trc_wrapper_36920\" class=\"trc_rbox rec-reel-2n5-a trc-content-hybrid \">\n<div id=\"trc_header_36920\" class=\"trc_rbox_header trc_rbox_border_elm\"><\/div>\n<\/div>\n<\/div>\n<\/div>\n<\/div>\n<\/div>\n<p style=\"text-align: justify;\">A medida foi assinada durante reuni\u00e3o nesta tarde com o titular da AGU, Jorge Messias, e as ministras Esther Dweck (Gest\u00e3o e da Inova\u00e7\u00e3o em Servi\u00e7os P\u00fablicos) e Cida Gon\u00e7alves (Mulher).<\/p>\n<p style=\"text-align: justify;\">metropoles<\/p>\n","protected":false},"excerpt":{"rendered":"<p>O presidente\u00a0Luiz In\u00e1cio Lula da Silva (PT)\u00a0aprovou, nesta segunda-feira (4\/9), um parecer da Advocacia Geral da Uni\u00e3o (AGU) que imp\u00f5e demiss\u00e3o aos profissionais do servi\u00e7o p\u00fablico federal que praticarem\u00a0ass\u00e9dio sexual. Antes da aprova\u00e7\u00e3o do texto, o crime n\u00e3o era especificamente citado entre os desvios de fun\u00e7\u00e3o descritos na lei que rege a\u00a0administra\u00e7\u00e3o p\u00fablica.\u00a0Ou seja, havia<\/p>\n","protected":false},"author":1,"featured_media":7517,"comment_status":"open","ping_status":"open","sticky":false,"template":"","format":"standard","meta":{"_eb_attr":"","footnotes":""},"categories":[7,13],"tags":[],"class_list":["post-7515","post","type-post","status-publish","format-standard","has-post-thumbnail","hentry","category-destaque","category-noticias"],"_links":{"self":[{"href":"https:\/\/portalmidia.net\/index.php\/wp-json\/wp\/v2\/posts\/7515","targetHints":{"allow":["GET"]}}],"collection":[{"href":"https:\/\/portalmidia.net\/index.php\/wp-json\/wp\/v2\/posts"}],"about":[{"href":"https:\/\/portalmidia.net\/index.php\/wp-json\/wp\/v2\/types\/post"}],"author":[{"embeddable":true,"href":"https:\/\/portalmidia.net\/index.php\/wp-json\/wp\/v2\/users\/1"}],"replies":[{"embeddable":true,"href":"https:\/\/portalmidia.net\/index.php\/wp-json\/wp\/v2\/comments?post=7515"}],"version-history":[{"count":0,"href":"https:\/\/portalmidia.net\/index.php\/wp-json\/wp\/v2\/posts\/7515\/revisions"}],"wp:featuredmedia":[{"embeddable":true,"href":"https:\/\/portalmidia.net\/index.php\/wp-json\/wp\/v2\/media\/7517"}],"wp:attachment":[{"href":"https:\/\/portalmidia.net\/index.php\/wp-json\/wp\/v2\/media?parent=7515"}],"wp:term":[{"taxonomy":"category","embeddable":true,"href":"https:\/\/portalmidia.net\/index.php\/wp-json\/wp\/v2\/categories?post=7515"},{"taxonomy":"post_tag","embeddable":true,"href":"https:\/\/portalmidia.net\/index.php\/wp-json\/wp\/v2\/tags?post=7515"}],"curies":[{"name":"wp","href":"https:\/\/api.w.org\/{rel}","templated":true}]}}