 {"id":7584,"date":"2023-09-06T08:26:25","date_gmt":"2023-09-06T11:26:25","guid":{"rendered":"https:\/\/portalmidia.net\/?p=7584"},"modified":"2023-09-06T08:26:25","modified_gmt":"2023-09-06T11:26:25","slug":"serie-d-comeca-a-definir-nesta-quarta-feira-finalistas-da-edicao-2023","status":"publish","type":"post","link":"https:\/\/portalmidia.net\/index.php\/2023\/09\/06\/serie-d-comeca-a-definir-nesta-quarta-feira-finalistas-da-edicao-2023\/","title":{"rendered":"S\u00e9rie D come\u00e7a a definir nesta quarta-feira finalistas da edi\u00e7\u00e3o 2023"},"content":{"rendered":"<p style=\"text-align: justify;\">\n<p style=\"text-align: justify;\">Passada a euforia pelo acesso \u00e0 S\u00e9rie C do Campeonato Brasileiro do ano que vem, as quatro melhores equipes desta edi\u00e7\u00e3o da S\u00e9rie D miram, agora, o t\u00edtulo. As partidas de ida e volta das semifinais ser\u00e3o realizadas entre quarta-feira (6) e domingo (10), todas com transmiss\u00e3o ao vivo da\u00a0<a href=\"https:\/\/tvbrasil.ebc.com.br\/\"><strong>TV Brasil.<\/strong><\/a><img decoding=\"async\" src=\"https:\/\/agenciabrasil.ebc.com.br\/ebc.png?id=1553386&amp;o=node\" \/><img decoding=\"async\" src=\"https:\/\/agenciabrasil.ebc.com.br\/ebc.gif?id=1553386&amp;o=node\" \/><\/p>\n<div class=\"twitter-tweet twitter-tweet-rendered\" style=\"text-align: justify;\"><iframe id=\"twitter-widget-0\" class=\"\" title=\"Twitter Tweet\" src=\"https:\/\/platform.twitter.com\/embed\/Tweet.html?creatorScreenName=agenciabrasil&amp;dnt=false&amp;embedId=twitter-widget-0&amp;features=eyJ0ZndfdGltZWxpbmVfbGlzdCI6eyJidWNrZXQiOltdLCJ2ZXJzaW9uIjpudWxsfSwidGZ3X2ZvbGxvd2VyX2NvdW50X3N1bnNldCI6eyJidWNrZXQiOnRydWUsInZlcnNpb24iOm51bGx9LCJ0ZndfdHdlZXRfZWRpdF9iYWNrZW5kIjp7ImJ1Y2tldCI6Im9uIiwidmVyc2lvbiI6bnVsbH0sInRmd19yZWZzcmNfc2Vzc2lvbiI6eyJidWNrZXQiOiJvbiIsInZlcnNpb24iOm51bGx9LCJ0ZndfZm9zbnJfc29mdF9pbnRlcnZlbnRpb25zX2VuYWJsZWQiOnsiYnVja2V0Ijoib24iLCJ2ZXJzaW9uIjpudWxsfSwidGZ3X21peGVkX21lZGlhXzE1ODk3Ijp7ImJ1Y2tldCI6InRyZWF0bWVudCIsInZlcnNpb24iOm51bGx9LCJ0ZndfZXhwZXJpbWVudHNfY29va2llX2V4cGlyYXRpb24iOnsiYnVja2V0IjoxMjA5NjAwLCJ2ZXJzaW9uIjpudWxsfSwidGZ3X3Nob3dfYmlyZHdhdGNoX3Bpdm90c19lbmFibGVkIjp7ImJ1Y2tldCI6Im9uIiwidmVyc2lvbiI6bnVsbH0sInRmd19kdXBsaWNhdGVfc2NyaWJlc190b19zZXR0aW5ncyI6eyJidWNrZXQiOiJvbiIsInZlcnNpb24iOm51bGx9LCJ0ZndfdXNlX3Byb2ZpbGVfaW1hZ2Vfc2hhcGVfZW5hYmxlZCI6eyJidWNrZXQiOiJvbiIsInZlcnNpb24iOm51bGx9LCJ0ZndfdmlkZW9faGxzX2R5bmFtaWNfbWFuaWZlc3RzXzE1MDgyIjp7ImJ1Y2tldCI6InRydWVfYml0cmF0ZSIsInZlcnNpb24iOm51bGx9LCJ0ZndfbGVnYWN5X3RpbWVsaW5lX3N1bnNldCI6eyJidWNrZXQiOnRydWUsInZlcnNpb24iOm51bGx9LCJ0ZndfdHdlZXRfZWRpdF9mcm9udGVuZCI6eyJidWNrZXQiOiJvbiIsInZlcnNpb24iOm51bGx9fQ%3D%3D&amp;frame=false&amp;hideCard=false&amp;hideThread=false&amp;id=1699160321452101974&amp;lang=pt&amp;origin=https%3A%2F%2Fagenciabrasil.ebc.com.br%2Fesportes%2Fnoticia%2F2023-09%2Fserie-d-comeca-definir-nesta-quarta-feira-finalistas-da-edicao-2023&amp;sessionId=ed264db923afcbd859e76eb39eb3a870d3b98a2b&amp;siteScreenName=agenciabrasil&amp;theme=light&amp;widgetsVersion=aaf4084522e3a%3A1674595607486&amp;width=550px\" frameborder=\"0\" scrolling=\"no\" allowfullscreen=\"allowfullscreen\" data-tweet-id=\"1699160321452101974\" data-mce-fragment=\"1\"><\/iframe><\/div>\n<p style=\"text-align: justify;\">O primeiro duelo entre Ferrovi\u00e1ria-SP e Athletic Club-MG abre as semifinais nesta quarta (6), \u00e0s 20h (hor\u00e1rio de Bras\u00edlia), na Arena da Fonte Luminosa, em Araraquara (SP). No domingo (10), \u00e0s 15h, os times se reencontram no Independ\u00eancia, em Belo Horizonte.<\/p>\n<p style=\"text-align: justify;\">O outro confronto, entre Caxias-RS e Ferrovi\u00e1rio-CE, tem o jogo de ida no feriado da Independ\u00eancia, na quinta\u00a0(7), \u00e0s 15h, no Centen\u00e1rio, em Caxias do Sul (RS). O duelo de volta ser\u00e1 no domingo (10), \u00e0s 17h30, no Est\u00e1dio Presidente Vargas, em Fortaleza.<\/p>\n<h2 style=\"text-align: justify;\">Paulistas x mineiros<\/h2>\n<p style=\"text-align: justify;\">Ap\u00f3s bater na trave na busca pela S\u00e9rie C h\u00e1 dois anos, superada pelo Atl\u00e9tico-CE nas quartas de final, a Ferrovi\u00e1ria deu a volta por cima ao despachar o Sousa-PB, com uma vit\u00f3ria por 1 a 0 em casa e um empate por 1 a 1 no Mariz\u00e3o, em Sousa (PB), no \u00faltimo domingo (3).\u00a0O t\u00e9cnico Alexandre Lopes teve apenas a ter\u00e7a-feira (5) para preparar o time.<\/p>\n<p style=\"text-align: justify;\">O atacante V\u00edtor Barreto recebeu o terceiro amarelo e est\u00e1 suspenso. O zagueiro Ma\u00edlson se lesionou no domingo e tamb\u00e9m deve desfalcar a equipe do interior paulista.<\/p>\n<p style=\"text-align: justify;\">O Athletic Club obteve a promo\u00e7\u00e3o \u00e0 terceira divis\u00e3o nacional logo na estreia na S\u00e9rie D. O acesso veio contra o Bahia de Feira. Os mineiros venceram na Arena Cajueiro, em Feira de Santana (BA), por 2 a 0. No \u00faltimo s\u00e1bado (2), os baianos ganharam no Mineir\u00e3o, em Belo Horizonte, por 1 a 0, mas o clube de S\u00e3o Jo\u00e3o del Rei (MG) se classificou gra\u00e7as ao placar agregado.<\/p>\n<p style=\"text-align: justify;\">O t\u00e9cnico C\u00edcero J\u00fanior foi expulso por reclama\u00e7\u00e3o e n\u00e3o comanda o time alvinegro em Araraquara. O volante Vin\u00edcius Silva e o atacante Brand\u00e3o deixaram o campo com dores e s\u00e3o d\u00favida.<\/p>\n<p style=\"text-align: justify;\"><iframe id=\"instagram-embed-0\" class=\"instagram-media instagram-media-rendered\" src=\"https:\/\/www.instagram.com\/p\/CwyaN9oLEql\/embed\/captioned\/?cr=1&amp;v=14&amp;wp=540&amp;rd=https%3A%2F%2Fagenciabrasil.ebc.com.br&amp;rp=%2Fesportes%2Fnoticia%2F2023-09%2Fserie-d-comeca-definir-nesta-quarta-feira-finalistas-da-edicao-2023#%7B%22ci%22%3A0%2C%22os%22%3A2984.4000000059605%2C%22ls%22%3A913.2999999821186%2C%22le%22%3A2926.4000000059605%7D\" height=\"1113\" frameborder=\"0\" scrolling=\"no\" allowfullscreen=\"allowfullscreen\" data-instgrm-payload-id=\"instagram-media-payload-0\" data-mce-fragment=\"1\"><\/iframe><\/p>\n<h2 style=\"text-align: justify;\">Ga\u00fachos x cearenses<\/h2>\n<p style=\"text-align: justify;\">O Caxias garantiu a vaga nas semifinais e o acesso \u00e0 S\u00e9rie C ao superar a Portuguesa-RJ. Depois de um empate sem gols no Centen\u00e1rio, os ga\u00fachos bateram os cariocas por 1 a 0 no Est\u00e1dio Luso-Brasileiro, no \u00faltimo s\u00e1bado.<\/p>\n<p style=\"text-align: justify;\">Ausente da terceira divis\u00e3o desde 2015, o Gren\u00e1 do Povo acumulava frustra\u00e7\u00f5es na S\u00e9rie D, com seis elimina\u00e7\u00f5es em mata-mata, sendo quatro justamente nas quartas de final. Nas duas \u00faltimas edi\u00e7\u00f5es, as quedas foram para os potiguares ABC (2021) e Am\u00e9rica (2022). Para esta quinta-feira, o time comandado por G\u00e9rson Gusm\u00e3o n\u00e3o ter\u00e1 o zagueiro Fernando, suspenso pelo terceiro amarelo.<\/p>\n<p style=\"text-align: justify;\">Dono da melhor campanha geral da S\u00e9rie D, o Ferrovi\u00e1rio est\u00e1 invicto e tem n\u00e3o apenas o melhor ataque (39 gols), mas a melhor defesa (dez sofridos) entre os semifinalistas. O retorno \u00e0 S\u00e9rie C um ano ap\u00f3s o rebaixamento se deu ao vencer o Maranh\u00e3o por 3 a 0 nos p\u00eanaltis, em Fortaleza, no domingo, ap\u00f3s empate por 1 a 1 no tempo normal, mesmo placar do jogo anterior, no Est\u00e1dio Castel\u00e3o, em S\u00e3o Lu\u00eds.<\/p>\n<p style=\"text-align: justify;\">O time cearense, comandado por Paulinho Kobayashi quer o bicampeonato da divis\u00e3o. O t\u00edtulo anterior foi conquistado em 2018. Nenhuma equipe, at\u00e9 hoje, venceu a S\u00e9rie D mais de uma vez.<\/p>\n<p style=\"text-align: justify;\">\n<p style=\"text-align: justify;\">\n<p style=\"text-align: justify;\">\n<p style=\"text-align: justify;\">\n<p style=\"text-align: justify;\">\n<p style=\"text-align: justify;\">agenciabrasil<\/p>\n","protected":false},"excerpt":{"rendered":"<p>Passada a euforia pelo acesso \u00e0 S\u00e9rie C do Campeonato Brasileiro do ano que vem, as quatro melhores equipes desta edi\u00e7\u00e3o da S\u00e9rie D miram, agora, o t\u00edtulo. As partidas de ida e volta das semifinais ser\u00e3o realizadas entre quarta-feira (6) e domingo (10), todas com transmiss\u00e3o ao vivo da\u00a0TV Brasil. O primeiro duelo entre<\/p>\n","protected":false},"author":1,"featured_media":7588,"comment_status":"open","ping_status":"open","sticky":false,"template":"","format":"standard","meta":{"_eb_attr":"","footnotes":""},"categories":[7,10],"tags":[],"class_list":["post-7584","post","type-post","status-publish","format-standard","has-post-thumbnail","hentry","category-destaque","category-esportes"],"_links":{"self":[{"href":"https:\/\/portalmidia.net\/index.php\/wp-json\/wp\/v2\/posts\/7584","targetHints":{"allow":["GET"]}}],"collection":[{"href":"https:\/\/portalmidia.net\/index.php\/wp-json\/wp\/v2\/posts"}],"about":[{"href":"https:\/\/portalmidia.net\/index.php\/wp-json\/wp\/v2\/types\/post"}],"author":[{"embeddable":true,"href":"https:\/\/portalmidia.net\/index.php\/wp-json\/wp\/v2\/users\/1"}],"replies":[{"embeddable":true,"href":"https:\/\/portalmidia.net\/index.php\/wp-json\/wp\/v2\/comments?post=7584"}],"version-history":[{"count":0,"href":"https:\/\/portalmidia.net\/index.php\/wp-json\/wp\/v2\/posts\/7584\/revisions"}],"wp:featuredmedia":[{"embeddable":true,"href":"https:\/\/portalmidia.net\/index.php\/wp-json\/wp\/v2\/media\/7588"}],"wp:attachment":[{"href":"https:\/\/portalmidia.net\/index.php\/wp-json\/wp\/v2\/media?parent=7584"}],"wp:term":[{"taxonomy":"category","embeddable":true,"href":"https:\/\/portalmidia.net\/index.php\/wp-json\/wp\/v2\/categories?post=7584"},{"taxonomy":"post_tag","embeddable":true,"href":"https:\/\/portalmidia.net\/index.php\/wp-json\/wp\/v2\/tags?post=7584"}],"curies":[{"name":"wp","href":"https:\/\/api.w.org\/{rel}","templated":true}]}}