 {"id":7590,"date":"2023-09-06T08:27:55","date_gmt":"2023-09-06T11:27:55","guid":{"rendered":"https:\/\/portalmidia.net\/?p=7590"},"modified":"2023-09-06T08:27:55","modified_gmt":"2023-09-06T11:27:55","slug":"espanha-nomeia-primeira-mulher-como-tecnica-da-selecao-feminina","status":"publish","type":"post","link":"https:\/\/portalmidia.net\/index.php\/2023\/09\/06\/espanha-nomeia-primeira-mulher-como-tecnica-da-selecao-feminina\/","title":{"rendered":"Espanha nomeia primeira mulher como t\u00e9cnica da sele\u00e7\u00e3o feminina"},"content":{"rendered":"<p style=\"text-align: justify;\">Pela primeira vez na hist\u00f3ria, a sele\u00e7\u00e3o feminina de futebol da Espanha ser\u00e1 comandada por uma t\u00e9cnica mulher, a treinadora Montse Tome, de 41 anos. Ela foi nomeada nesta ter\u00e7a-feira (5) pela Federa\u00e7\u00e3o Espanhola de Futebol (RFEF), poucas horas ap\u00f3s a entidade anunciar a demiss\u00e3o do t\u00e9cnico Jorge Vilda, campe\u00e3o do mundo com equipe feminina na Copa da Austr\u00e1lia e Nova Zel\u00e2ndia no \u00faltimo m\u00eas.<img decoding=\"async\" src=\"https:\/\/agenciabrasil.ebc.com.br\/ebc.png?id=1553368&amp;o=node\" \/><img decoding=\"async\" src=\"https:\/\/agenciabrasil.ebc.com.br\/ebc.gif?id=1553368&amp;o=node\" \/><\/p>\n<div class=\"twitter-tweet twitter-tweet-rendered\" style=\"text-align: justify;\"><iframe id=\"twitter-widget-0\" class=\"\" title=\"Twitter Tweet\" src=\"https:\/\/platform.twitter.com\/embed\/Tweet.html?creatorScreenName=agenciabrasil&amp;dnt=false&amp;embedId=twitter-widget-0&amp;features=eyJ0ZndfdGltZWxpbmVfbGlzdCI6eyJidWNrZXQiOltdLCJ2ZXJzaW9uIjpudWxsfSwidGZ3X2ZvbGxvd2VyX2NvdW50X3N1bnNldCI6eyJidWNrZXQiOnRydWUsInZlcnNpb24iOm51bGx9LCJ0ZndfdHdlZXRfZWRpdF9iYWNrZW5kIjp7ImJ1Y2tldCI6Im9uIiwidmVyc2lvbiI6bnVsbH0sInRmd19yZWZzcmNfc2Vzc2lvbiI6eyJidWNrZXQiOiJvbiIsInZlcnNpb24iOm51bGx9LCJ0ZndfZm9zbnJfc29mdF9pbnRlcnZlbnRpb25zX2VuYWJsZWQiOnsiYnVja2V0Ijoib24iLCJ2ZXJzaW9uIjpudWxsfSwidGZ3X21peGVkX21lZGlhXzE1ODk3Ijp7ImJ1Y2tldCI6InRyZWF0bWVudCIsInZlcnNpb24iOm51bGx9LCJ0ZndfZXhwZXJpbWVudHNfY29va2llX2V4cGlyYXRpb24iOnsiYnVja2V0IjoxMjA5NjAwLCJ2ZXJzaW9uIjpudWxsfSwidGZ3X3Nob3dfYmlyZHdhdGNoX3Bpdm90c19lbmFibGVkIjp7ImJ1Y2tldCI6Im9uIiwidmVyc2lvbiI6bnVsbH0sInRmd19kdXBsaWNhdGVfc2NyaWJlc190b19zZXR0aW5ncyI6eyJidWNrZXQiOiJvbiIsInZlcnNpb24iOm51bGx9LCJ0ZndfdXNlX3Byb2ZpbGVfaW1hZ2Vfc2hhcGVfZW5hYmxlZCI6eyJidWNrZXQiOiJvbiIsInZlcnNpb24iOm51bGx9LCJ0ZndfdmlkZW9faGxzX2R5bmFtaWNfbWFuaWZlc3RzXzE1MDgyIjp7ImJ1Y2tldCI6InRydWVfYml0cmF0ZSIsInZlcnNpb24iOm51bGx9LCJ0ZndfbGVnYWN5X3RpbWVsaW5lX3N1bnNldCI6eyJidWNrZXQiOnRydWUsInZlcnNpb24iOm51bGx9LCJ0ZndfdHdlZXRfZWRpdF9mcm9udGVuZCI6eyJidWNrZXQiOiJvbiIsInZlcnNpb24iOm51bGx9fQ%3D%3D&amp;frame=false&amp;hideCard=false&amp;hideThread=false&amp;id=1699090018730385813&amp;lang=pt&amp;origin=https%3A%2F%2Fagenciabrasil.ebc.com.br%2Fesportes%2Fnoticia%2F2023-09%2Fespanha-nomeia-primeira-mulher-como-tecnica-da-selecao-feminina&amp;sessionId=cc881144b57750b225789acf2723948349a7d523&amp;siteScreenName=agenciabrasil&amp;theme=light&amp;widgetsVersion=aaf4084522e3a%3A1674595607486&amp;width=550px\" frameborder=\"0\" scrolling=\"no\" allowfullscreen=\"allowfullscreen\" data-tweet-id=\"1699090018730385813\" data-mce-fragment=\"1\"><\/iframe><\/div>\n<p style=\"text-align: justify;\">Segundo\u00a0nota oficial da RFEF, Tom\u00e9 \u00a0atua, desde 2018, como t\u00e9cnica-assistente Vilda\u00a0\u201c e se consolidou como pe\u00e7a fundamental no crescimento da sele\u00e7\u00e3o nacional\u201d.<\/p>\n<p style=\"text-align: justify;\">A rescis\u00e3o do contrato de Jorge Vilda nesta manh\u00e3, foi realizada pelo rec\u00e9m-empossado Pedro Rocha, que assumiu a presid\u00eancia da RFEF, ap\u00f3s a Fifa suspender o\u00a0ex-dirigente Luis Rubiales, punido ap\u00f3s beijar na boca sem consentimento a jogadora Jenni Hermoso,\u00a0durante a cerim\u00f4nia de premia\u00e7\u00e3o da sele\u00e7\u00e3o espanhola, campe\u00e3 da Copa do Mundo Feminina.<\/p>\n<p style=\"text-align: justify;\">O primeiro compromisso oficial de Montse Tom\u00e9 \u00e0 frente da sele\u00e7\u00e3o espanhola ser\u00e1 na Liga das Na\u00e7\u00f5es Feminina da Uefa. No dia 22 de setembro a Espanha enfrenta a Su\u00e9cia, e quatro dias depois encara a Su\u00ed\u00e7a.<\/p>\n<p style=\"text-align: justify;\">\n<p style=\"text-align: justify;\">\n<p style=\"text-align: justify;\">\n<p style=\"text-align: justify;\">\n<p style=\"text-align: justify;\">agenciabrasil<\/p>\n","protected":false},"excerpt":{"rendered":"<p>Pela primeira vez na hist\u00f3ria, a sele\u00e7\u00e3o feminina de futebol da Espanha ser\u00e1 comandada por uma t\u00e9cnica mulher, a treinadora Montse Tome, de 41 anos. Ela foi nomeada nesta ter\u00e7a-feira (5) pela Federa\u00e7\u00e3o Espanhola de Futebol (RFEF), poucas horas ap\u00f3s a entidade anunciar a demiss\u00e3o do t\u00e9cnico Jorge Vilda, campe\u00e3o do mundo com equipe feminina<\/p>\n","protected":false},"author":1,"featured_media":7592,"comment_status":"open","ping_status":"open","sticky":false,"template":"","format":"standard","meta":{"_eb_attr":"","footnotes":""},"categories":[7,10],"tags":[],"class_list":["post-7590","post","type-post","status-publish","format-standard","has-post-thumbnail","hentry","category-destaque","category-esportes"],"_links":{"self":[{"href":"https:\/\/portalmidia.net\/index.php\/wp-json\/wp\/v2\/posts\/7590","targetHints":{"allow":["GET"]}}],"collection":[{"href":"https:\/\/portalmidia.net\/index.php\/wp-json\/wp\/v2\/posts"}],"about":[{"href":"https:\/\/portalmidia.net\/index.php\/wp-json\/wp\/v2\/types\/post"}],"author":[{"embeddable":true,"href":"https:\/\/portalmidia.net\/index.php\/wp-json\/wp\/v2\/users\/1"}],"replies":[{"embeddable":true,"href":"https:\/\/portalmidia.net\/index.php\/wp-json\/wp\/v2\/comments?post=7590"}],"version-history":[{"count":0,"href":"https:\/\/portalmidia.net\/index.php\/wp-json\/wp\/v2\/posts\/7590\/revisions"}],"wp:featuredmedia":[{"embeddable":true,"href":"https:\/\/portalmidia.net\/index.php\/wp-json\/wp\/v2\/media\/7592"}],"wp:attachment":[{"href":"https:\/\/portalmidia.net\/index.php\/wp-json\/wp\/v2\/media?parent=7590"}],"wp:term":[{"taxonomy":"category","embeddable":true,"href":"https:\/\/portalmidia.net\/index.php\/wp-json\/wp\/v2\/categories?post=7590"},{"taxonomy":"post_tag","embeddable":true,"href":"https:\/\/portalmidia.net\/index.php\/wp-json\/wp\/v2\/tags?post=7590"}],"curies":[{"name":"wp","href":"https:\/\/api.w.org\/{rel}","templated":true}]}}