 {"id":7594,"date":"2023-09-06T08:29:17","date_gmt":"2023-09-06T11:29:17","guid":{"rendered":"https:\/\/portalmidia.net\/?p=7594"},"modified":"2023-09-06T08:29:17","modified_gmt":"2023-09-06T11:29:17","slug":"apos-40-anos-capital-paulista-registra-primeiro-caso-de-raiva-canina","status":"publish","type":"post","link":"https:\/\/portalmidia.net\/index.php\/2023\/09\/06\/apos-40-anos-capital-paulista-registra-primeiro-caso-de-raiva-canina\/","title":{"rendered":"Ap\u00f3s 40 anos, capital paulista registra primeiro caso de raiva canina"},"content":{"rendered":"<p style=\"text-align: justify;\">Ap\u00f3s 40 anos, foi identificado\u00a0um caso\u00a0de raiva\u00a0canina\u00a0na capital paulista.\u00a0A notifica\u00e7\u00e3o,\u00a0feita pelo Instituto Pasteur\u00a0no dia 1\u00ba de setembro,\u00a0\u00e9 de um c\u00e3o do bairro Butant\u00e3.\u00a0<img decoding=\"async\" src=\"https:\/\/agenciabrasil.ebc.com.br\/ebc.png?id=1553479&amp;o=node\" \/><img decoding=\"async\" src=\"https:\/\/agenciabrasil.ebc.com.br\/ebc.gif?id=1553479&amp;o=node\" \/><\/p>\n<p style=\"text-align: justify;\">O\u00a0caso segue em investiga\u00e7\u00e3o\u00a0pela\u00a0Coordenadoria de Vigil\u00e2ncia em Sa\u00fade.\u00a0Mas, por causa desse registro,\u00a0a\u00a0Secretaria Municipal da Sa\u00fade\u00a0come\u00e7ou uma s\u00e9rie de a\u00e7\u00f5es,\u00a0como a\u00a0vacina\u00e7\u00e3o dos animais de casa em\u00a0casa,\u00a0na\u00a0\u00e1rea de abrang\u00eancia,\u00a0por tempo indeterminado. Nos dias 1\u00ba e 2 de setembro,\u00a0j\u00e1\u00a0foram visitados\u00a0quase 400\u00a0im\u00f3veis e vacinados\u00a0mais de 360\u00a0animais, como parte das atividades de bloqueio.<\/p>\n<p style=\"text-align: justify;\">A cidade n\u00e3o registrava casos de raiva em c\u00e3es, da variante canina, desde 1983. J\u00e1 quanto a variante transmitida pelo morcego, o que \u00e9 mais comum,\u00a0o \u00faltimo caso aconteceu em 2011.<\/p>\n<p style=\"text-align: justify;\">A prefeitura de S\u00e3o Paulo disponibiliza imuniza\u00e7\u00e3o gratuita contra a raiva para c\u00e3es e gatos, durante todo o ano, em 18 postos fixos espalhados pela cidade,\u00a0e tamb\u00e9m\u00a0em postos volantes distribu\u00eddos pelo munic\u00edpio.<\/p>\n<p style=\"text-align: justify;\">As autoridades alertam\u00a0que a vacina\u00e7\u00e3o contra a doen\u00e7a deve ser feita anualmente em c\u00e3es e gatos, para o controle de casos e, consequentemente, para a sa\u00fade da popula\u00e7\u00e3o humana.<\/p>\n<p style=\"text-align: justify;\">A vacina antirr\u00e1bica deve ser aplicada nos animais a partir dos tr\u00eas meses de idade.\u00a0A Secretaria da Sa\u00fade recomenda que, em casos de acidentes por mordedura ou arranhadura de c\u00e3es e gatos, deve-se procurar imediatamente o atendimento m\u00e9dico para avalia\u00e7\u00e3o e monitoramento.<\/p>\n<p style=\"text-align: justify;\">\n<p style=\"text-align: justify;\">\n<p style=\"text-align: justify;\">\n<p style=\"text-align: justify;\">\n<p style=\"text-align: justify;\">agenciabrasil<\/p>\n","protected":false},"excerpt":{"rendered":"<p>Ap\u00f3s 40 anos, foi identificado\u00a0um caso\u00a0de raiva\u00a0canina\u00a0na capital paulista.\u00a0A notifica\u00e7\u00e3o,\u00a0feita pelo Instituto Pasteur\u00a0no dia 1\u00ba de setembro,\u00a0\u00e9 de um c\u00e3o do bairro Butant\u00e3.\u00a0 O\u00a0caso segue em investiga\u00e7\u00e3o\u00a0pela\u00a0Coordenadoria de Vigil\u00e2ncia em Sa\u00fade.\u00a0Mas, por causa desse registro,\u00a0a\u00a0Secretaria Municipal da Sa\u00fade\u00a0come\u00e7ou uma s\u00e9rie de a\u00e7\u00f5es,\u00a0como a\u00a0vacina\u00e7\u00e3o dos animais de casa em\u00a0casa,\u00a0na\u00a0\u00e1rea de abrang\u00eancia,\u00a0por tempo indeterminado. Nos dias 1\u00ba<\/p>\n","protected":false},"author":1,"featured_media":7598,"comment_status":"open","ping_status":"open","sticky":false,"template":"","format":"standard","meta":{"_eb_attr":"","footnotes":""},"categories":[7,5],"tags":[],"class_list":["post-7594","post","type-post","status-publish","format-standard","has-post-thumbnail","hentry","category-destaque","category-saude"],"_links":{"self":[{"href":"https:\/\/portalmidia.net\/index.php\/wp-json\/wp\/v2\/posts\/7594","targetHints":{"allow":["GET"]}}],"collection":[{"href":"https:\/\/portalmidia.net\/index.php\/wp-json\/wp\/v2\/posts"}],"about":[{"href":"https:\/\/portalmidia.net\/index.php\/wp-json\/wp\/v2\/types\/post"}],"author":[{"embeddable":true,"href":"https:\/\/portalmidia.net\/index.php\/wp-json\/wp\/v2\/users\/1"}],"replies":[{"embeddable":true,"href":"https:\/\/portalmidia.net\/index.php\/wp-json\/wp\/v2\/comments?post=7594"}],"version-history":[{"count":0,"href":"https:\/\/portalmidia.net\/index.php\/wp-json\/wp\/v2\/posts\/7594\/revisions"}],"wp:featuredmedia":[{"embeddable":true,"href":"https:\/\/portalmidia.net\/index.php\/wp-json\/wp\/v2\/media\/7598"}],"wp:attachment":[{"href":"https:\/\/portalmidia.net\/index.php\/wp-json\/wp\/v2\/media?parent=7594"}],"wp:term":[{"taxonomy":"category","embeddable":true,"href":"https:\/\/portalmidia.net\/index.php\/wp-json\/wp\/v2\/categories?post=7594"},{"taxonomy":"post_tag","embeddable":true,"href":"https:\/\/portalmidia.net\/index.php\/wp-json\/wp\/v2\/tags?post=7594"}],"curies":[{"name":"wp","href":"https:\/\/api.w.org\/{rel}","templated":true}]}}