 {"id":7600,"date":"2023-09-06T08:30:29","date_gmt":"2023-09-06T11:30:29","guid":{"rendered":"https:\/\/portalmidia.net\/?p=7600"},"modified":"2023-09-06T08:30:29","modified_gmt":"2023-09-06T11:30:29","slug":"saude-diz-que-e-cedo-atribuir-alta-de-casos-de-covid-a-nova-variante","status":"publish","type":"post","link":"https:\/\/portalmidia.net\/index.php\/2023\/09\/06\/saude-diz-que-e-cedo-atribuir-alta-de-casos-de-covid-a-nova-variante\/","title":{"rendered":"Sa\u00fade diz que \u00e9 cedo atribuir alta de casos de covid \u00e0 nova variante"},"content":{"rendered":"<p style=\"text-align: justify;\">O Minist\u00e9rio da Sa\u00fade informou nesta ter\u00e7a-feira (5) n\u00e3o ser poss\u00edvel atribuir a alta de casos de covid-19 no pa\u00eds \u00e0\u00a0nova variante EG.5, conhecida como Eris. De acordo com o minist\u00e9rio, houve eleva\u00e7\u00e3o de 6% no n\u00famero de casos confirmados de covid-19, na compara\u00e7\u00e3o entre as semanas epidemiol\u00f3gicas 31 (30 de julho a 5 de agosto) e 32 (6 de agosto a 12 de agosto). A alta, segundo a pasta, no entanto, est\u00e1 dentro do esperado para o per\u00edodo.<img decoding=\"async\" src=\"https:\/\/agenciabrasil.ebc.com.br\/ebc.png?id=1553478&amp;o=node\" \/><img decoding=\"async\" src=\"https:\/\/agenciabrasil.ebc.com.br\/ebc.gif?id=1553478&amp;o=node\" \/><\/p>\n<blockquote><p>\u201cConforme dados enviados pelas Secretarias Estaduais de Sa\u00fade, entre as semanas epidemiol\u00f3gicas (SE) 31 e 32 de 2023, foi observado um aumento de 6% no n\u00famero de casos de covid-19 notificados, taxa dentro do esperado para essa \u00e9poca do ano, quando aumentam os casos de infec\u00e7\u00f5es respirat\u00f3rias. Ainda \u00e9 prematuro afirmar que o aumento \u00e9 causado pela nova variante EG.5\u201d, disse a pasta, em nota.<\/p><\/blockquote>\n<p style=\"text-align: justify;\">At\u00e9 o momento, foram notificados quatro casos da nova variante EG.5 no Brasil:\u00a0dois em S\u00e3o Paulo, um no Distrito Federal e um no Rio de Janeiro.<\/p>\n<p style=\"text-align: justify;\">O minist\u00e9rio refor\u00e7ou que a vacina\u00e7\u00e3o continua sendo a principal medida para prevenir casos graves da doen\u00e7a. \u201cMant\u00e9m-se a recomenda\u00e7\u00e3o para que os grupos de maior risco de agravamento pela doen\u00e7a continuem a seguir as medidas de preven\u00e7\u00e3o e controle, como o uso de m\u00e1scaras em locais fechados, mal ventilados ou com aglomera\u00e7\u00f5es, al\u00e9m do isolamento de pacientes infectados com o v\u00edrus\u201d.<\/p>\n<p style=\"text-align: justify;\">A pasta ainda destacou que toda a rede do Sistema \u00danico de Sa\u00fade (SUS) est\u00e1 disponibilizando, gratuitamente, o antiviral nirmatrelvir\/ritonavir para ser utilizado no tratamento da infec\u00e7\u00e3o pelo v\u00edrus logo que os sintomas aparecerem e houver confirma\u00e7\u00e3o de teste positivo em pessoas dos grupos de risco.<\/p>\n<h2 style=\"text-align: justify;\">Aumento de casos<\/h2>\n<p style=\"text-align: justify;\">Duas entidades que utilizam dados da rede particular de sa\u00fade complementar registraram aumentos expressivos de resultados positivos nos exames de detec\u00e7\u00e3o de covid-19 nas \u00faltimas semanas.<\/p>\n<p style=\"text-align: justify;\">De acordo com a Associa\u00e7\u00e3o Brasileira de Medicina Diagn\u00f3stica (Abramed), a positividade dos testes de covid-19 passou de 6,3%, na semana de 27 de julho a 4 de agosto, para 13,8%, na semana de 12 a 18 de agosto. A entidade utiliza dados de empresas privadas que representam 65% do volume de exames realizados pela sa\u00fade suplementar no pa\u00eds.<\/p>\n<p style=\"text-align: justify;\">Segundo o Instituto Todos Pela Sa\u00fade, que usa dados dos laborat\u00f3rios Dasa, DB Molecular, Fleury, Hospital Israelita Albert Einstein (HIAE), Hilab, HLAGyn e Sabin, a taxa de resultados positivos para SARS-CoV-2 (covid-19) dobrou em um m\u00eas, passando de 7% para 15,3% entre as semanas encerradas em 22 de julho e 19 de agosto. Os percentuais mais elevados foram observados nas faixas et\u00e1rias de 49 a 59 anos (21,4%) e acima de 80 anos (20,9%).<\/p>\n<p style=\"text-align: justify;\">Para o virologista e pesquisador do Instituto Todos Pela Sa\u00fade, Anderson Fernandes de Brito, a alta dos resultados positivos pode estar ligada a chegada da nova variante no Brasil.<\/p>\n<blockquote><p>\u201cQuando a gente olha, por exemplo, para dados de pa\u00edses que est\u00e3o ainda mantendo volumes maiores de sequenciamento [gen\u00f4mico das variantes] como os Estados Unidos, por exemplo, a gente observa que a variante EG.5 tem aumentado de frequ\u00eancia de semana ap\u00f3s semana\u201d, destaca Brito.<\/p><\/blockquote>\n<p style=\"text-align: justify;\">\u201cExiste um certo atraso entre coletar uma amostra e isso se tornar um genoma [no Brasil]. E esse atraso, \u00e0s vezes, ele pode levar semanas, duas, tr\u00eas, quatro semanas. Isso \u00e9 um padr\u00e3o muito comum. Ent\u00e3o vai levar um tempo para que a gente observar\u00a0que essa variante est\u00e1 aumentando em frequ\u00eancia [tamb\u00e9m no Brasil]\u201d, acrescentou.<\/p>\n<p style=\"text-align: justify;\">O virologista destacou que a vacina\u00e7\u00e3o contra a covid-19 \u00e9 a melhor maneira de se proteger da doen\u00e7a.<\/p>\n<p>&nbsp;<\/p>\n<p>&nbsp;<\/p>\n<p>&nbsp;<\/p>\n<p>&nbsp;<\/p>\n<p>&nbsp;<\/p>\n<p>agenciabrasil<\/p>\n","protected":false},"excerpt":{"rendered":"<p>O Minist\u00e9rio da Sa\u00fade informou nesta ter\u00e7a-feira (5) n\u00e3o ser poss\u00edvel atribuir a alta de casos de covid-19 no pa\u00eds \u00e0\u00a0nova variante EG.5, conhecida como Eris. De acordo com o minist\u00e9rio, houve eleva\u00e7\u00e3o de 6% no n\u00famero de casos confirmados de covid-19, na compara\u00e7\u00e3o entre as semanas epidemiol\u00f3gicas 31 (30 de julho a 5 de<\/p>\n","protected":false},"author":1,"featured_media":7602,"comment_status":"open","ping_status":"open","sticky":false,"template":"","format":"standard","meta":{"_eb_attr":"","footnotes":""},"categories":[7,5],"tags":[],"class_list":["post-7600","post","type-post","status-publish","format-standard","has-post-thumbnail","hentry","category-destaque","category-saude"],"_links":{"self":[{"href":"https:\/\/portalmidia.net\/index.php\/wp-json\/wp\/v2\/posts\/7600","targetHints":{"allow":["GET"]}}],"collection":[{"href":"https:\/\/portalmidia.net\/index.php\/wp-json\/wp\/v2\/posts"}],"about":[{"href":"https:\/\/portalmidia.net\/index.php\/wp-json\/wp\/v2\/types\/post"}],"author":[{"embeddable":true,"href":"https:\/\/portalmidia.net\/index.php\/wp-json\/wp\/v2\/users\/1"}],"replies":[{"embeddable":true,"href":"https:\/\/portalmidia.net\/index.php\/wp-json\/wp\/v2\/comments?post=7600"}],"version-history":[{"count":0,"href":"https:\/\/portalmidia.net\/index.php\/wp-json\/wp\/v2\/posts\/7600\/revisions"}],"wp:featuredmedia":[{"embeddable":true,"href":"https:\/\/portalmidia.net\/index.php\/wp-json\/wp\/v2\/media\/7602"}],"wp:attachment":[{"href":"https:\/\/portalmidia.net\/index.php\/wp-json\/wp\/v2\/media?parent=7600"}],"wp:term":[{"taxonomy":"category","embeddable":true,"href":"https:\/\/portalmidia.net\/index.php\/wp-json\/wp\/v2\/categories?post=7600"},{"taxonomy":"post_tag","embeddable":true,"href":"https:\/\/portalmidia.net\/index.php\/wp-json\/wp\/v2\/tags?post=7600"}],"curies":[{"name":"wp","href":"https:\/\/api.w.org\/{rel}","templated":true}]}}