 {"id":7607,"date":"2023-09-06T08:32:53","date_gmt":"2023-09-06T11:32:53","guid":{"rendered":"https:\/\/portalmidia.net\/?p=7607"},"modified":"2023-09-06T08:32:53","modified_gmt":"2023-09-06T11:32:53","slug":"rj-vai-proibir-contratacao-de-quem-cometer-intolerancia-religiosa","status":"publish","type":"post","link":"https:\/\/portalmidia.net\/index.php\/2023\/09\/06\/rj-vai-proibir-contratacao-de-quem-cometer-intolerancia-religiosa\/","title":{"rendered":"RJ vai proibir contrata\u00e7\u00e3o de quem cometer intoler\u00e2ncia religiosa"},"content":{"rendered":"<p style=\"text-align: justify;\">\n<p style=\"text-align: justify;\">A C\u00e2mara Municipal do Rio de Janeiro aprovou o projeto de lei que prev\u00ea puni\u00e7\u00e3o administrativa\u00a0para quem\u00a0praticar crimes\u00a0por motiva\u00e7\u00f5es religiosas. Os vereadores derrubaram\u00a0veto parcial ao projeto e, com isso,\u00a0passa a valer a san\u00e7\u00e3o\u00a0administrativa para quem causar danos \u00e0s estruturas f\u00edsicas ou aos s\u00edmbolos religiosos. O veto foi promulgado pelo presidente da C\u00e2mara, o vereador Carlo Caiado (PSD).<img decoding=\"async\" src=\"https:\/\/agenciabrasil.ebc.com.br\/ebc.png?id=1553477&amp;o=node\" \/><img decoding=\"async\" src=\"https:\/\/agenciabrasil.ebc.com.br\/ebc.gif?id=1553477&amp;o=node\" \/><\/p>\n<p style=\"text-align: justify;\">Com a promulga\u00e7\u00e3o do trecho vetado, os autores desses crimes ficam proibidos de serem contratados pela prefeitura\u00a0pelo prazo de tr\u00eas anos, ter\u00e3o de arcar com o preju\u00edzo causado e fazer uma retrata\u00e7\u00e3o p\u00fablica.<\/p>\n<p style=\"text-align: justify;\">S\u00e3o considerados danos religiosos\u00a0o ato de impedir, perturbar cerim\u00f4nia ou pr\u00e1tica de culto, vilipendiar publicamente ato ou objeto sagrado, ou depredar templos, igrejas e terreiros<\/p>\n<p style=\"text-align: justify;\">A norma estabelece a obrigatoriedade de os agressores participarem de um curso de di\u00e1logo inter-religioso e toler\u00e2ncia religiosa, promovido pelo Conselho Municipal da Liberdade Religiosa, al\u00e9m de pagarem multa de R$ 2 mil em caso de reincid\u00eancia.<\/p>\n<p style=\"text-align: justify;\">De acordo com o vereador \u00c1tila Nunes (PSD), um dos autores do projeto, o ataque \u00e0s institui\u00e7\u00f5es religiosas \u00e9 uma grave viola\u00e7\u00e3o.\u00a0\u201cA f\u00e9 para as pessoas \u00e9 fundamental, \u00e9 algo que fala do seu \u00edntimo. Quando voc\u00ea tem um ataque, inclusive f\u00edsico, destrui\u00e7\u00e3o a um s\u00edmbolo religioso, voc\u00ea est\u00e1 agredindo aquilo que \u00e9 mais sagrado na vida de cada um, que \u00e9 a sua f\u00e9\u201d, avaliou.<\/p>\n<p style=\"text-align: justify;\">\n<p style=\"text-align: justify;\">\n<p style=\"text-align: justify;\">\n<p style=\"text-align: justify;\">agenciabrasil<\/p>\n","protected":false},"excerpt":{"rendered":"<p>A C\u00e2mara Municipal do Rio de Janeiro aprovou o projeto de lei que prev\u00ea puni\u00e7\u00e3o administrativa\u00a0para quem\u00a0praticar crimes\u00a0por motiva\u00e7\u00f5es religiosas. Os vereadores derrubaram\u00a0veto parcial ao projeto e, com isso,\u00a0passa a valer a san\u00e7\u00e3o\u00a0administrativa para quem causar danos \u00e0s estruturas f\u00edsicas ou aos s\u00edmbolos religiosos. O veto foi promulgado pelo presidente da C\u00e2mara, o vereador Carlo<\/p>\n","protected":false},"author":1,"featured_media":7609,"comment_status":"open","ping_status":"open","sticky":false,"template":"","format":"standard","meta":{"_eb_attr":"","footnotes":""},"categories":[7,3],"tags":[],"class_list":["post-7607","post","type-post","status-publish","format-standard","has-post-thumbnail","hentry","category-destaque","category-politica"],"_links":{"self":[{"href":"https:\/\/portalmidia.net\/index.php\/wp-json\/wp\/v2\/posts\/7607","targetHints":{"allow":["GET"]}}],"collection":[{"href":"https:\/\/portalmidia.net\/index.php\/wp-json\/wp\/v2\/posts"}],"about":[{"href":"https:\/\/portalmidia.net\/index.php\/wp-json\/wp\/v2\/types\/post"}],"author":[{"embeddable":true,"href":"https:\/\/portalmidia.net\/index.php\/wp-json\/wp\/v2\/users\/1"}],"replies":[{"embeddable":true,"href":"https:\/\/portalmidia.net\/index.php\/wp-json\/wp\/v2\/comments?post=7607"}],"version-history":[{"count":0,"href":"https:\/\/portalmidia.net\/index.php\/wp-json\/wp\/v2\/posts\/7607\/revisions"}],"wp:featuredmedia":[{"embeddable":true,"href":"https:\/\/portalmidia.net\/index.php\/wp-json\/wp\/v2\/media\/7609"}],"wp:attachment":[{"href":"https:\/\/portalmidia.net\/index.php\/wp-json\/wp\/v2\/media?parent=7607"}],"wp:term":[{"taxonomy":"category","embeddable":true,"href":"https:\/\/portalmidia.net\/index.php\/wp-json\/wp\/v2\/categories?post=7607"},{"taxonomy":"post_tag","embeddable":true,"href":"https:\/\/portalmidia.net\/index.php\/wp-json\/wp\/v2\/tags?post=7607"}],"curies":[{"name":"wp","href":"https:\/\/api.w.org\/{rel}","templated":true}]}}