 {"id":8208,"date":"2023-09-12T08:50:17","date_gmt":"2023-09-12T11:50:17","guid":{"rendered":"https:\/\/portalmidia.net\/?p=8208"},"modified":"2023-09-12T08:50:17","modified_gmt":"2023-09-12T11:50:17","slug":"stf-valida-contribuicao-assistencial-para-sindicatos","status":"publish","type":"post","link":"https:\/\/portalmidia.net\/index.php\/2023\/09\/12\/stf-valida-contribuicao-assistencial-para-sindicatos\/","title":{"rendered":"STF valida contribui\u00e7\u00e3o assistencial para sindicatos"},"content":{"rendered":"<p style=\"text-align: justify;\">O Supremo Tribunal Federal (STF) validou nesta segunda-feira (11) a legalidade da contribui\u00e7\u00e3o assistencial para custear o funcionamento de sindicatos.<img decoding=\"async\" src=\"https:\/\/agenciabrasil.ebc.com.br\/ebc.png?id=1554570&amp;o=node\" \/><img decoding=\"async\" src=\"https:\/\/agenciabrasil.ebc.com.br\/ebc.gif?id=1554570&amp;o=node\" \/><\/p>\n<p style=\"text-align: justify;\">O caso espec\u00edfico julgado pela Corte trata da possibilidade de cobran\u00e7a nos casos de trabalhadores n\u00e3o filiados aos sindicatos e de forma obrigat\u00f3ria por meio de acordo e conven\u00e7\u00e3o coletiva de trabalho.<\/p>\n<p style=\"text-align: justify;\">A contribui\u00e7\u00e3o assistencial n\u00e3o se confunde com a contribui\u00e7\u00e3o sindical, mais conhecida como imposto sindical, que foi extinto com a reforma trabalhista de 2017 e n\u00e3o est\u00e1 sendo analisado pelos ministros neste julgamento.<\/p>\n<p style=\"text-align: justify;\">O julgamento foi iniciado em 2020 e, ap\u00f3s diversos pedidos de vista, foi finalizado hoje.<\/p>\n<p style=\"text-align: justify;\">A maioria dos ministros seguiu voto proferido pelo relator, ministro Gilmar Mendes, em 2020. Para o ministro, a cobran\u00e7a \u00e9 constitucional e uma tese deve ser definida para balizar o julgamento da quest\u00e3o pelo Judici\u00e1rio de todo o pa\u00eds.<\/p>\n<p style=\"text-align: justify;\">O caso voltou \u00e0 tona em fun\u00e7\u00e3o de um recurso apresentado pelos sindicatos envolvidos no julgamento. Na vota\u00e7\u00e3o, Mendes mudou seu entendimento em rela\u00e7\u00e3o ao julgamento da quest\u00e3o em 2017, quando o Supremo entendeu que a cobran\u00e7a da contribui\u00e7\u00e3o assistencial era inconstitucional.<\/p>\n<p style=\"text-align: justify;\">No entendimento de Mendes, a falta da cobran\u00e7a enfraquece o sistema sindical.<\/p>\n<p style=\"text-align: justify;\">O julgamento ocorreu no plen\u00e1rio virtual, modalidade na qual os ministros inserem os votos no sistema eletr\u00f4nico do STF e n\u00e3o h\u00e1 delibera\u00e7\u00e3o presencial.<\/p>\n<p style=\"text-align: justify;\">\n<p style=\"text-align: justify;\">\n<p style=\"text-align: justify;\">\n<p style=\"text-align: justify;\">\n<p style=\"text-align: justify;\">\n<p style=\"text-align: justify;\">agenciabrasil<\/p>\n","protected":false},"excerpt":{"rendered":"<p>O Supremo Tribunal Federal (STF) validou nesta segunda-feira (11) a legalidade da contribui\u00e7\u00e3o assistencial para custear o funcionamento de sindicatos. O caso espec\u00edfico julgado pela Corte trata da possibilidade de cobran\u00e7a nos casos de trabalhadores n\u00e3o filiados aos sindicatos e de forma obrigat\u00f3ria por meio de acordo e conven\u00e7\u00e3o coletiva de trabalho. A contribui\u00e7\u00e3o assistencial<\/p>\n","protected":false},"author":1,"featured_media":8210,"comment_status":"open","ping_status":"open","sticky":false,"template":"","format":"standard","meta":{"_eb_attr":"","footnotes":""},"categories":[7,3],"tags":[],"class_list":["post-8208","post","type-post","status-publish","format-standard","has-post-thumbnail","hentry","category-destaque","category-politica"],"_links":{"self":[{"href":"https:\/\/portalmidia.net\/index.php\/wp-json\/wp\/v2\/posts\/8208","targetHints":{"allow":["GET"]}}],"collection":[{"href":"https:\/\/portalmidia.net\/index.php\/wp-json\/wp\/v2\/posts"}],"about":[{"href":"https:\/\/portalmidia.net\/index.php\/wp-json\/wp\/v2\/types\/post"}],"author":[{"embeddable":true,"href":"https:\/\/portalmidia.net\/index.php\/wp-json\/wp\/v2\/users\/1"}],"replies":[{"embeddable":true,"href":"https:\/\/portalmidia.net\/index.php\/wp-json\/wp\/v2\/comments?post=8208"}],"version-history":[{"count":0,"href":"https:\/\/portalmidia.net\/index.php\/wp-json\/wp\/v2\/posts\/8208\/revisions"}],"wp:featuredmedia":[{"embeddable":true,"href":"https:\/\/portalmidia.net\/index.php\/wp-json\/wp\/v2\/media\/8210"}],"wp:attachment":[{"href":"https:\/\/portalmidia.net\/index.php\/wp-json\/wp\/v2\/media?parent=8208"}],"wp:term":[{"taxonomy":"category","embeddable":true,"href":"https:\/\/portalmidia.net\/index.php\/wp-json\/wp\/v2\/categories?post=8208"},{"taxonomy":"post_tag","embeddable":true,"href":"https:\/\/portalmidia.net\/index.php\/wp-json\/wp\/v2\/tags?post=8208"}],"curies":[{"name":"wp","href":"https:\/\/api.w.org\/{rel}","templated":true}]}}