 {"id":8233,"date":"2023-09-12T09:03:02","date_gmt":"2023-09-12T12:03:02","guid":{"rendered":"https:\/\/portalmidia.net\/?p=8233"},"modified":"2023-09-12T09:03:02","modified_gmt":"2023-09-12T12:03:02","slug":"morte-de-policial-civil-no-sertao-da-paraiba-foi-planejada-diz-policia","status":"publish","type":"post","link":"https:\/\/portalmidia.net\/index.php\/2023\/09\/12\/morte-de-policial-civil-no-sertao-da-paraiba-foi-planejada-diz-policia\/","title":{"rendered":"Morte de policial civil no Sert\u00e3o da Para\u00edba foi planejada, diz pol\u00edcia"},"content":{"rendered":"<div id=\"chunk-6omg5\">\n<div class=\"mc-column content-text active-extra-styles \" data-block-type=\"unstyled\" data-block-weight=\"56\" data-block-id=\"3\">\n<p class=\"content-text__container \" style=\"text-align: justify;\" data-track-category=\"Link no Texto\" data-track-links=\"\">A morte do policial civil Jerre Adriano de Sousa Ribeiro foi planejada para roubar a pistola usada no trabalho, apontou a Pol\u00edcia Civil em uma coletiva realizada nesta segunda-feira (11) na 15\u00aa Delegacia Seccional de Patos.\u00a0<a class=\"\" href=\"https:\/\/g1.globo.com\/pb\/paraiba\/noticia\/2023\/09\/09\/policial-civil-e-morto-apos-discussao-em-vaquejada-no-sertao-da-paraiba.ghtml\">O crime aconteceu no \u00faltimo s\u00e1bado (9), na sa\u00edda de uma vaquejada<\/a>\u00a0no munic\u00edpio de\u00a0<a class=\"\" href=\"https:\/\/g1.globo.com\/pb\/paraiba\/cidade\/cajazeirinhas\/\">Cajazeirinhas<\/a>, no Sert\u00e3o da Para\u00edba.<\/p>\n<\/div>\n<\/div>\n<div class=\"wall protected-content\">\n<div id=\"chunk-cvino\" style=\"text-align: justify;\">\n<div class=\"mc-column content-text active-extra-styles \" data-block-type=\"unstyled\" data-block-weight=\"55\" data-block-id=\"4\">\n<p class=\"content-text__container \" data-track-category=\"Link no Texto\" data-track-links=\"\">As primeiras informa\u00e7\u00f5es coletadas pela pol\u00edcia foram que o crime teria acontecido ap\u00f3s uma discuss\u00e3o de tr\u00e2nsito em um engarrafamento na sa\u00edda de uma vaquejada.\u00a0Ap\u00f3s a pris\u00e3o de quatro pessoas suspeitas de envolvimento no caso, neste domingo (10), em\u00a0Jo\u00e3o Pessoa\u00a0e\u00a0Pombal, a pol\u00edcia chegou \u00e0 conclus\u00e3o de que o crime foi planejado.<\/p>\n<\/div>\n<\/div>\n<div id=\"chunk-e9fij\" style=\"text-align: justify;\">\n<div class=\"content-ads content-ads--reveal\" data-block-type=\"ads\" data-block-id=\"5\">\n<div id=\"banner_materia2\" class=\"tag-manager-publicidade-container mc-has-reveal mc-has-ad-lazyload\" data-id=\"banner_materia2\">\n<div id=\"google_ads_iframe_\/95377733\/tvg_G1\/Sua_Regiao&gt;Nordeste&gt;Paraiba_3__container__\" style=\"box-sizing: inherit; margin: auto; padding: 0px; border: 0pt none; font: inherit; vertical-align: baseline; text-align: center; width: 970px; height: 0px;\"><\/div>\n<\/div>\n<\/div>\n<\/div>\n<div id=\"chunk-ondv\" style=\"text-align: justify;\">\n<div class=\"mc-column content-text active-extra-styles \" data-block-type=\"unstyled\" data-block-weight=\"30\" data-block-id=\"6\">\n<p class=\"content-text__container \" data-track-category=\"Link no Texto\" data-track-links=\"\">O delegado Afr\u00e2nio Brito, respons\u00e1vel pelo caso, informou que foram levantadas informa\u00e7\u00f5es, c\u00e2meras e placas para apurar o caso. \u201cFicou claro que seria um latroc\u00ednio para levarem a pistola\u201d, afirmou.<\/p>\n<\/div>\n<\/div>\n<div id=\"chunk-81lsf\" style=\"text-align: justify;\">\n<div class=\"mc-column content-text active-extra-styles \" data-block-type=\"unstyled\" data-block-weight=\"33\" data-block-id=\"7\">\n<p class=\"content-text__container \" data-track-category=\"Link no Texto\" data-track-links=\"\">No s\u00e1bado (9), a Pol\u00edcia Civil informou \u00e0 TV Para\u00edba que a arma do policial n\u00e3o tinha sido roubada, mas nesta segunda-feira (11), o delegado afirmou que a pistola do policial est\u00e1 desaparecida.<\/p>\n<\/div>\n<\/div>\n<div id=\"chunk-7iig7\">\n<div class=\"mc-column content-text active-extra-styles \" data-block-type=\"unstyled\" data-block-weight=\"35\" data-block-id=\"8\">\n<p class=\"content-text__container \" style=\"text-align: justify;\" data-track-category=\"Link no Texto\" data-track-links=\"\">Jerre Adriano atuava na delegacia de\u00a0Passagem, que \u00e9 ligada \u00e0 Seccional de Patos, e estava na Pol\u00edcia Civil desde 2016. Por meio de nota, a Pol\u00edcia Civil da Para\u00edba lamentou a morte do policial.<\/p>\n<\/div>\n<\/div>\n<\/div>\n<p data-track-category=\"Link no Texto\" data-track-links=\"\">\n<p data-track-category=\"Link no Texto\" data-track-links=\"\">\n<p data-track-category=\"Link no Texto\" data-track-links=\"\">\n<p data-track-category=\"Link no Texto\" data-track-links=\"\">G1<\/p>\n","protected":false},"excerpt":{"rendered":"<p>A morte do policial civil Jerre Adriano de Sousa Ribeiro foi planejada para roubar a pistola usada no trabalho, apontou a Pol\u00edcia Civil em uma coletiva realizada nesta segunda-feira (11) na 15\u00aa Delegacia Seccional de Patos.\u00a0O crime aconteceu no \u00faltimo s\u00e1bado (9), na sa\u00edda de uma vaquejada\u00a0no munic\u00edpio de\u00a0Cajazeirinhas, no Sert\u00e3o da Para\u00edba. As primeiras<\/p>\n","protected":false},"author":1,"featured_media":8235,"comment_status":"open","ping_status":"open","sticky":false,"template":"","format":"standard","meta":{"_eb_attr":"","footnotes":""},"categories":[7,2],"tags":[],"class_list":["post-8233","post","type-post","status-publish","format-standard","has-post-thumbnail","hentry","category-destaque","category-policial"],"_links":{"self":[{"href":"https:\/\/portalmidia.net\/index.php\/wp-json\/wp\/v2\/posts\/8233","targetHints":{"allow":["GET"]}}],"collection":[{"href":"https:\/\/portalmidia.net\/index.php\/wp-json\/wp\/v2\/posts"}],"about":[{"href":"https:\/\/portalmidia.net\/index.php\/wp-json\/wp\/v2\/types\/post"}],"author":[{"embeddable":true,"href":"https:\/\/portalmidia.net\/index.php\/wp-json\/wp\/v2\/users\/1"}],"replies":[{"embeddable":true,"href":"https:\/\/portalmidia.net\/index.php\/wp-json\/wp\/v2\/comments?post=8233"}],"version-history":[{"count":0,"href":"https:\/\/portalmidia.net\/index.php\/wp-json\/wp\/v2\/posts\/8233\/revisions"}],"wp:featuredmedia":[{"embeddable":true,"href":"https:\/\/portalmidia.net\/index.php\/wp-json\/wp\/v2\/media\/8235"}],"wp:attachment":[{"href":"https:\/\/portalmidia.net\/index.php\/wp-json\/wp\/v2\/media?parent=8233"}],"wp:term":[{"taxonomy":"category","embeddable":true,"href":"https:\/\/portalmidia.net\/index.php\/wp-json\/wp\/v2\/categories?post=8233"},{"taxonomy":"post_tag","embeddable":true,"href":"https:\/\/portalmidia.net\/index.php\/wp-json\/wp\/v2\/tags?post=8233"}],"curies":[{"name":"wp","href":"https:\/\/api.w.org\/{rel}","templated":true}]}}