 {"id":8237,"date":"2023-09-12T09:04:47","date_gmt":"2023-09-12T12:04:47","guid":{"rendered":"https:\/\/portalmidia.net\/?p=8237"},"modified":"2023-09-12T09:04:47","modified_gmt":"2023-09-12T12:04:47","slug":"estudantes-de-16-e-18-anos-morrem-atropeladas-no-sertao-da-paraiba-e-motorista-foge-sem-prestar-socorro","status":"publish","type":"post","link":"https:\/\/portalmidia.net\/index.php\/2023\/09\/12\/estudantes-de-16-e-18-anos-morrem-atropeladas-no-sertao-da-paraiba-e-motorista-foge-sem-prestar-socorro\/","title":{"rendered":"Estudantes de 16 e 18 anos morrem atropeladas no Sert\u00e3o da Para\u00edba e motorista foge sem prestar socorro"},"content":{"rendered":"<div id=\"chunk-d6l89\">\n<div class=\"mc-column content-text active-extra-styles \" data-block-type=\"unstyled\" data-block-weight=\"61\" data-block-id=\"3\">\n<p class=\"content-text__container \" style=\"text-align: justify;\" data-track-category=\"Link no Texto\" data-track-links=\"\">Duas estudantes morreram atropeladas no in\u00edcio da noite desse domingo (10) numa rodovia estadual que liga os munic\u00edpios de Desterro e Teixeira, no Sert\u00e3o da Para\u00edba. Elas s\u00e3o naturais de Teixeira, tinham ido de moto at\u00e9 a cidade vizinha e retornavam para casa quando aconteceu o acidente. O motorista fugiu do local sem prestar socorro, segundo a Pol\u00edcia Civil da Para\u00edba.<\/p>\n<\/div>\n<\/div>\n<div class=\"wall protected-content\">\n<div id=\"chunk-80b3g\" style=\"text-align: justify;\">\n<div class=\"mc-column content-text active-extra-styles \" data-block-type=\"unstyled\" data-block-weight=\"48\" data-block-id=\"4\">\n<p class=\"content-text__container \" data-track-category=\"Link no Texto\" data-track-links=\"\">As v\u00edtimas foram identificadas como Giselly Lira Alves e Milen Kemylly de Almeida Leite, de 18 e 16 anos respectivamente. Milen Kemylly faria 17 anos nesta segunda-feira (11). Giselly morreu no local e Milen chegou a ser transferida para o Hospital Regional de Patos, mas tamb\u00e9m n\u00e3o resistiu.<\/p>\n<\/div>\n<\/div>\n<div id=\"chunk-j5sh\" style=\"text-align: justify;\">\n<div class=\"content-ads content-ads--reveal\" data-block-type=\"ads\" data-block-id=\"5\">\n<div id=\"banner_materia2\" class=\"tag-manager-publicidade-container mc-has-reveal mc-has-ad-lazyload\" data-id=\"banner_materia2\">\n<div id=\"google_ads_iframe_\/95377733\/tvg_G1\/Sua_Regiao&gt;Nordeste&gt;Paraiba_3__container__\" style=\"box-sizing: inherit; margin: auto; padding: 0px; border: 0pt none; font: inherit; vertical-align: baseline; text-align: center; width: 970px; height: 0px;\"><\/div>\n<\/div>\n<\/div>\n<\/div>\n<div id=\"chunk-497er\" style=\"text-align: justify;\">\n<div class=\"mc-column content-text active-extra-styles \" data-block-type=\"unstyled\" data-block-weight=\"37\" data-block-id=\"6\">\n<p class=\"content-text__container \" data-track-category=\"Link no Texto\" data-track-links=\"\">O caso repercutiu no munic\u00edpio. E a Prefeitura Municipal de Teixeira decretou ponto facultativo para esta segunda-feira (11) por causa do vel\u00f3rio e enterro das duas amigas. Foi decretado ainda luto oficial de tr\u00eas dias no munic\u00edpio.<\/p>\n<\/div>\n<\/div>\n<div id=\"chunk-7obla\" style=\"text-align: justify;\">\n<div class=\"mc-column content-text active-extra-styles \" data-block-type=\"unstyled\" data-block-weight=\"47\" data-block-id=\"7\">\n<p class=\"content-text__container \" data-track-category=\"Link no Texto\" data-track-links=\"\">As duas tinham viajado de moto. No caminho de volta, o ve\u00edculo ficou sem gasolina. Elas, ent\u00e3o, resolveram empurrar a moto pelo acostamento, mas acabaram sendo atropeladas por um carro. Testemunhas informaram que o motorista transitava de forma irregular na contram\u00e3o, pelo acostamento e em alta velocidade.<\/p>\n<\/div>\n<\/div>\n<div id=\"chunk-3pdpl\">\n<div class=\"mc-column content-text active-extra-styles \" data-block-type=\"unstyled\" data-block-weight=\"17\" data-block-id=\"8\">\n<p class=\"content-text__container \" style=\"text-align: justify;\" data-track-category=\"Link no Texto\" data-track-links=\"\">O motorista ainda n\u00e3o foi identificado e a Pol\u00edcia Civil da Para\u00edba abriu investiga\u00e7\u00e3o sobre o caso.<\/p>\n<\/div>\n<\/div>\n<\/div>\n<p data-track-category=\"Link no Texto\" data-track-links=\"\">\n<p data-track-category=\"Link no Texto\" data-track-links=\"\">\n<p data-track-category=\"Link no Texto\" data-track-links=\"\">\n<p data-track-category=\"Link no Texto\" data-track-links=\"\">G1<\/p>\n","protected":false},"excerpt":{"rendered":"<p>Duas estudantes morreram atropeladas no in\u00edcio da noite desse domingo (10) numa rodovia estadual que liga os munic\u00edpios de Desterro e Teixeira, no Sert\u00e3o da Para\u00edba. Elas s\u00e3o naturais de Teixeira, tinham ido de moto at\u00e9 a cidade vizinha e retornavam para casa quando aconteceu o acidente. O motorista fugiu do local sem prestar socorro,<\/p>\n","protected":false},"author":1,"featured_media":8239,"comment_status":"open","ping_status":"open","sticky":false,"template":"","format":"standard","meta":{"_eb_attr":"","footnotes":""},"categories":[7,2],"tags":[],"class_list":["post-8237","post","type-post","status-publish","format-standard","has-post-thumbnail","hentry","category-destaque","category-policial"],"_links":{"self":[{"href":"https:\/\/portalmidia.net\/index.php\/wp-json\/wp\/v2\/posts\/8237","targetHints":{"allow":["GET"]}}],"collection":[{"href":"https:\/\/portalmidia.net\/index.php\/wp-json\/wp\/v2\/posts"}],"about":[{"href":"https:\/\/portalmidia.net\/index.php\/wp-json\/wp\/v2\/types\/post"}],"author":[{"embeddable":true,"href":"https:\/\/portalmidia.net\/index.php\/wp-json\/wp\/v2\/users\/1"}],"replies":[{"embeddable":true,"href":"https:\/\/portalmidia.net\/index.php\/wp-json\/wp\/v2\/comments?post=8237"}],"version-history":[{"count":0,"href":"https:\/\/portalmidia.net\/index.php\/wp-json\/wp\/v2\/posts\/8237\/revisions"}],"wp:featuredmedia":[{"embeddable":true,"href":"https:\/\/portalmidia.net\/index.php\/wp-json\/wp\/v2\/media\/8239"}],"wp:attachment":[{"href":"https:\/\/portalmidia.net\/index.php\/wp-json\/wp\/v2\/media?parent=8237"}],"wp:term":[{"taxonomy":"category","embeddable":true,"href":"https:\/\/portalmidia.net\/index.php\/wp-json\/wp\/v2\/categories?post=8237"},{"taxonomy":"post_tag","embeddable":true,"href":"https:\/\/portalmidia.net\/index.php\/wp-json\/wp\/v2\/tags?post=8237"}],"curies":[{"name":"wp","href":"https:\/\/api.w.org\/{rel}","templated":true}]}}