 {"id":8241,"date":"2023-09-12T09:05:51","date_gmt":"2023-09-12T12:05:51","guid":{"rendered":"https:\/\/portalmidia.net\/?p=8241"},"modified":"2023-09-12T09:05:51","modified_gmt":"2023-09-12T12:05:51","slug":"jovem-sequestrada-e-queimada-com-faca-em-brasa-e-apanha-com-vassoura","status":"publish","type":"post","link":"https:\/\/portalmidia.net\/index.php\/2023\/09\/12\/jovem-sequestrada-e-queimada-com-faca-em-brasa-e-apanha-com-vassoura\/","title":{"rendered":"Jovem sequestrada \u00e9 queimada com faca em brasa e apanha com vassoura"},"content":{"rendered":"<p style=\"text-align: justify;\">Gritos de dor e de desespero salvaram uma jovem, de 23 anos, que era mantida em\u00a0c\u00e1rcere privado\u00a0desde 16 de agosto, em uma casa no bairro Alto do A\u00e7ude, em Paracatu, Minas Gerais. A v\u00edtima, que havia desaparecido no Gama, berrava quando era submetida a sess\u00f5es cont\u00ednuas de tortura, cometidas por um homem com quem ela se relacionava h\u00e1 pouco tempo.<\/p>\n<div class=\"m-banner-wrap m-banner-rectangle m-publicity-content-middle\" style=\"text-align: justify;\"><\/div>\n<p style=\"text-align: justify;\" data-gtm-vis-recent-on-screen-104869357_94=\"18975\" data-gtm-vis-first-on-screen-104869357_94=\"18975\" data-gtm-vis-total-visible-time-104869357_94=\"100\" data-gtm-vis-has-fired-104869357_94=\"1\">Os relatos s\u00e3o de momentos de terror. Quando policiais militares mineiros chegaram ao local, a mulher j\u00e1 havia sofrido ataques brutais, como ser espancada com um cabo de vassoura e ter bra\u00e7os, pernas e costas queimadas com a l\u00e2mina de uma faca em brasa.<\/p>\n<p style=\"text-align: justify;\">A jovem tamb\u00e9m teve a cabe\u00e7a raspada e apresentava fratura na m\u00e3o direita. O criminoso, de 27 anos, tentou fugir pelos fundos da casa quando percebeu a presen\u00e7a da Pol\u00edcia Militar. No entanto, foi preso em flagrante. Em um primeiro momento, a v\u00edtima, muito assustada, tentou dispensar os PMs dizendo que tudo \u201cestava bem\u201d. Mas o choro dela denunciou as agress\u00f5es.<\/p>\n<div class=\"m-banner-teads\" style=\"text-align: justify;\"><\/div>\n<h3 style=\"text-align: justify;\"><strong>Amea\u00e7a de esquartejamento<\/strong><\/h3>\n<p style=\"text-align: justify;\">A mulher abriu a porta para os policiais, que correram e conseguiram prender o suspeito antes que ele pulasse o muro. Ela contou \u00e0 PM que viajou do Gama para Paracatu para se encontrar com o rapaz, com quem tinha iniciado um relacionamento. Revelou ainda que ele a enforcava e a amea\u00e7ava de morte, dizendo que iria esquartej\u00e1-la e jogar o corpo dela em uma vala, nos fundos da casa.<\/p>\n<p style=\"text-align: justify;\">Al\u00e9m das agress\u00f5es f\u00edsicas, a v\u00edtima ficou sem comida e trancada no im\u00f3vel durante dois dias. Ela foi socorrida e levada ao pronto socorro municipal. A pol\u00edcia apreendeu cinco muni\u00e7\u00f5es no local e, em seguida, conduziu o homem para a delegacia.<\/p>\n<div class=\"m-banner-wrap m-banner-rectangle m-publicity-content-middle\" style=\"text-align: justify;\"><\/div>\n<p style=\"text-align: justify;\">A Pol\u00edcia Civil de Paracatu abriu inqu\u00e9rito para investigar as circunst\u00e2ncias do crime e o que motivou a tortura.<\/p>\n<p style=\"text-align: justify;\">\n<p style=\"text-align: justify;\">\n<p style=\"text-align: justify;\">\n<p style=\"text-align: justify;\">metropoles<\/p>\n","protected":false},"excerpt":{"rendered":"<p>Gritos de dor e de desespero salvaram uma jovem, de 23 anos, que era mantida em\u00a0c\u00e1rcere privado\u00a0desde 16 de agosto, em uma casa no bairro Alto do A\u00e7ude, em Paracatu, Minas Gerais. A v\u00edtima, que havia desaparecido no Gama, berrava quando era submetida a sess\u00f5es cont\u00ednuas de tortura, cometidas por um homem com quem ela<\/p>\n","protected":false},"author":1,"featured_media":8243,"comment_status":"open","ping_status":"open","sticky":false,"template":"","format":"standard","meta":{"_eb_attr":"","footnotes":""},"categories":[7,2],"tags":[],"class_list":["post-8241","post","type-post","status-publish","format-standard","has-post-thumbnail","hentry","category-destaque","category-policial"],"_links":{"self":[{"href":"https:\/\/portalmidia.net\/index.php\/wp-json\/wp\/v2\/posts\/8241","targetHints":{"allow":["GET"]}}],"collection":[{"href":"https:\/\/portalmidia.net\/index.php\/wp-json\/wp\/v2\/posts"}],"about":[{"href":"https:\/\/portalmidia.net\/index.php\/wp-json\/wp\/v2\/types\/post"}],"author":[{"embeddable":true,"href":"https:\/\/portalmidia.net\/index.php\/wp-json\/wp\/v2\/users\/1"}],"replies":[{"embeddable":true,"href":"https:\/\/portalmidia.net\/index.php\/wp-json\/wp\/v2\/comments?post=8241"}],"version-history":[{"count":0,"href":"https:\/\/portalmidia.net\/index.php\/wp-json\/wp\/v2\/posts\/8241\/revisions"}],"wp:featuredmedia":[{"embeddable":true,"href":"https:\/\/portalmidia.net\/index.php\/wp-json\/wp\/v2\/media\/8243"}],"wp:attachment":[{"href":"https:\/\/portalmidia.net\/index.php\/wp-json\/wp\/v2\/media?parent=8241"}],"wp:term":[{"taxonomy":"category","embeddable":true,"href":"https:\/\/portalmidia.net\/index.php\/wp-json\/wp\/v2\/categories?post=8241"},{"taxonomy":"post_tag","embeddable":true,"href":"https:\/\/portalmidia.net\/index.php\/wp-json\/wp\/v2\/tags?post=8241"}],"curies":[{"name":"wp","href":"https:\/\/api.w.org\/{rel}","templated":true}]}}