 {"id":844,"date":"2023-06-21T08:15:06","date_gmt":"2023-06-21T11:15:06","guid":{"rendered":"https:\/\/portalmidia.net\/?p=844"},"modified":"2023-06-21T08:15:06","modified_gmt":"2023-06-21T11:15:06","slug":"governo-prorroga-por-15-dias-desconto-de-carros-a-pessoas-fisicas","status":"publish","type":"post","link":"https:\/\/portalmidia.net\/index.php\/2023\/06\/21\/governo-prorroga-por-15-dias-desconto-de-carros-a-pessoas-fisicas\/","title":{"rendered":"Governo prorroga por 15 dias desconto de carros a pessoas f\u00edsicas"},"content":{"rendered":"<p style=\"text-align: justify;\">As pessoas f\u00edsicas ganharam duas semanas para comprarem carros com desconto. O Minist\u00e9rio do Desenvolvimento, Ind\u00fastria, Com\u00e9rcio e Servi\u00e7os (MDIC) prorrogou por 15 dias a exclusividade do programa de venda de carros com cr\u00e9ditos tribut\u00e1rios para essa categoria.<img decoding=\"async\" src=\"https:\/\/agenciabrasil.ebc.com.br\/ebc.png?id=1539301&amp;o=node\" \/><img decoding=\"async\" src=\"https:\/\/agenciabrasil.ebc.com.br\/ebc.gif?id=1539301&amp;o=node\" \/><\/p>\n<p style=\"text-align: justify;\">O ministro e presidente em exerc\u00edcio, Geraldo Alckmin, assinou a portaria com a prorroga\u00e7\u00e3o no fim desta tarde. A medida foi publicada ainda nesta ter\u00e7a-feira (20) em\u00a0edi\u00e7\u00e3o extraordin\u00e1ria do Di\u00e1rio Oficial da Uni\u00e3o.<\/p>\n<p style=\"text-align: justify;\">Apesar da prorroga\u00e7\u00e3o no programa de ve\u00edculos, o MDIC esclarece que nada mudou nos programas para \u00f4nibus, vans e caminh\u00f5es. As empresas poder\u00e3o comprar esses ve\u00edculos com desconto a partir desta quarta-feira (21).<\/p>\n<p style=\"text-align: justify;\">At\u00e9 o momento, o MDIC autorizou o uso de R$ 320 milh\u00f5es em cr\u00e9ditos tribut\u00e1rios para a venda de carros com desconto \u2013 equivalente a 64% dos R$ 500 milh\u00f5es \u00e0 disposi\u00e7\u00e3o nessa modalidade. A pasta confirmou ter recebido novos pedidos de montadoras, mas informou que eles ainda est\u00e3o em an\u00e1lise.<\/p>\n<p style=\"text-align: justify;\">O MDIC elaborou um\u00a0painel de dados\u00a0com atualiza\u00e7\u00f5es do programa. A ferramenta permite o acompanhamento de volumes de recursos liberados e a rela\u00e7\u00e3o de autom\u00f3veis atendidos.<\/p>\n<h2 style=\"text-align: justify;\">Montadoras<\/h2>\n<p style=\"text-align: justify;\">At\u00e9 agora, o programa subsidia a compra com desconto de 266 vers\u00f5es de 32 modelos de carros, de nove montadoras diferentes: Renault, Volkswagen, Toyota, Hyundai, Nissan, Honda, GM, Fiat e Peugeot. A nova vers\u00e3o da lista pode ser acessada\u00a0<a href=\"https:\/\/www.gov.br\/mdic\/pt-br\/assuntos\/noticias\/2023\/junho\/tabela-atualizada-modelos-16-6.xlsx\/view\" target=\"_blank\" rel=\"noopener\">aqui<\/a>.<\/p>\n<p style=\"text-align: justify;\">Em rela\u00e7\u00e3o aos \u00f4nibus, vans e caminh\u00f5es, dez montadoras de caminh\u00f5es aderiram ao programa para renova\u00e7\u00e3o de frotas, somando um volume de descontos de R$ 100 milh\u00f5es, equivalente a 14% do teto de R$ 700 milh\u00f5es disponibilizados para essa categoria.<\/p>\n<p style=\"text-align: justify;\">As fabricantes de caminh\u00e3o que demonstraram interesse foram Volkswagen Truck, Mercedes-Benz, Scania, Fiat Chrysler, Peugeot Citr\u00f6en, Volvo, Ford, Iveco, Mercedes-Benz Cars &amp; Vans e Daf Caminh\u00f5es.<\/p>\n<p style=\"text-align: justify;\">No caso dos \u00f4nibus, nove montadoras aderiram ao programa. S\u00e3o elas: Mercedes-Benz, Scania, Fiat Chrysler, Mercedes-Benz Cars &amp; Vans, Comil, Ciferal, Marcopolo, Volare e Iveco. Essas empresas pediram descontos em tributos que somam R$ 140 milh\u00f5es, o equivalente a 46,7% do teto de R$ 300 milh\u00f5es disponibilizados para as montadoras de \u00f4nibus.<\/p>\n<h2 style=\"text-align: justify;\">Cr\u00e9ditos tribut\u00e1rios<\/h2>\n<p style=\"text-align: justify;\">O programa para a renova\u00e7\u00e3o da frota ser\u00e1 custeado por meio de cr\u00e9ditos tribut\u00e1rios, descontos concedidos pelo governo aos fabricantes no pagamento de tributos futuros, no total de R$ 1,5 bilh\u00e3o. Em troca, a ind\u00fastria automotiva comprometeu-se a repassar a diferen\u00e7a ao consumidor.<\/p>\n<p style=\"text-align: justify;\">Est\u00e1 prevista a utiliza\u00e7\u00e3o de R$ 700 milh\u00f5es em cr\u00e9ditos tribut\u00e1rios para a venda de caminh\u00f5es, R$ 500 milh\u00f5es para carros e R$ 300 milh\u00f5es para vans e \u00f4nibus. O programa tem prazo de quatro meses, mas pode se esgotar antes, assim que os cr\u00e9ditos tribut\u00e1rios se esgotarem.<\/p>\n<p style=\"text-align: justify;\">Para compensar a perda de arrecada\u00e7\u00e3o, o governo pretende reverter parcialmente a desonera\u00e7\u00e3o sobre o diesel que vigoraria at\u00e9 o fim do ano. Dos R$ 0,35 de Programa de Integra\u00e7\u00e3o Social (PIS) e Contribui\u00e7\u00e3o para o Financiamento da Seguridade Social (Cofins) atualmente zerados, R$ 0,11 ser\u00e3o reonerados em setembro, depois da noventena, prazo de 90 dias determinado pela Constitui\u00e7\u00e3o para o aumento de contribui\u00e7\u00f5es federais.<\/p>\n<p>&nbsp;<\/p>\n<p>&nbsp;<\/p>\n<p>&nbsp;<\/p>\n<p>&nbsp;<\/p>\n<p>&nbsp;<\/p>\n<p>&nbsp;<\/p>\n<p>&nbsp;<\/p>\n<p>Fonte: Ag\u00eancia Brasil<\/p>\n","protected":false},"excerpt":{"rendered":"<p>As pessoas f\u00edsicas ganharam duas semanas para comprarem carros com desconto. O Minist\u00e9rio do Desenvolvimento, Ind\u00fastria, Com\u00e9rcio e Servi\u00e7os (MDIC) prorrogou por 15 dias a exclusividade do programa de venda de carros com cr\u00e9ditos tribut\u00e1rios para essa categoria. O ministro e presidente em exerc\u00edcio, Geraldo Alckmin, assinou a portaria com a prorroga\u00e7\u00e3o no fim desta<\/p>\n","protected":false},"author":1,"featured_media":846,"comment_status":"open","ping_status":"open","sticky":false,"template":"","format":"standard","meta":{"_eb_attr":"","footnotes":""},"categories":[7,13,3],"tags":[],"class_list":["post-844","post","type-post","status-publish","format-standard","has-post-thumbnail","hentry","category-destaque","category-noticias","category-politica"],"_links":{"self":[{"href":"https:\/\/portalmidia.net\/index.php\/wp-json\/wp\/v2\/posts\/844","targetHints":{"allow":["GET"]}}],"collection":[{"href":"https:\/\/portalmidia.net\/index.php\/wp-json\/wp\/v2\/posts"}],"about":[{"href":"https:\/\/portalmidia.net\/index.php\/wp-json\/wp\/v2\/types\/post"}],"author":[{"embeddable":true,"href":"https:\/\/portalmidia.net\/index.php\/wp-json\/wp\/v2\/users\/1"}],"replies":[{"embeddable":true,"href":"https:\/\/portalmidia.net\/index.php\/wp-json\/wp\/v2\/comments?post=844"}],"version-history":[{"count":0,"href":"https:\/\/portalmidia.net\/index.php\/wp-json\/wp\/v2\/posts\/844\/revisions"}],"wp:featuredmedia":[{"embeddable":true,"href":"https:\/\/portalmidia.net\/index.php\/wp-json\/wp\/v2\/media\/846"}],"wp:attachment":[{"href":"https:\/\/portalmidia.net\/index.php\/wp-json\/wp\/v2\/media?parent=844"}],"wp:term":[{"taxonomy":"category","embeddable":true,"href":"https:\/\/portalmidia.net\/index.php\/wp-json\/wp\/v2\/categories?post=844"},{"taxonomy":"post_tag","embeddable":true,"href":"https:\/\/portalmidia.net\/index.php\/wp-json\/wp\/v2\/tags?post=844"}],"curies":[{"name":"wp","href":"https:\/\/api.w.org\/{rel}","templated":true}]}}