 {"id":9904,"date":"2023-09-25T09:02:45","date_gmt":"2023-09-25T12:02:45","guid":{"rendered":"https:\/\/portalmidia.net\/?p=9904"},"modified":"2023-09-25T09:02:45","modified_gmt":"2023-09-25T12:02:45","slug":"cantora-leci-brandao-passa-mal-em-aeroporto-e-e-levada-para-hospital-no-rio","status":"publish","type":"post","link":"https:\/\/portalmidia.net\/index.php\/2023\/09\/25\/cantora-leci-brandao-passa-mal-em-aeroporto-e-e-levada-para-hospital-no-rio\/","title":{"rendered":"Cantora Leci Brand\u00e3o passa mal em aeroporto e \u00e9 levada para hospital no Rio"},"content":{"rendered":"<p style=\"text-align: justify;\">A cantora e deputada estadual de S\u00e3o Paulo, Leci Brand\u00e3o, deu entrada na emerg\u00eancia do hospital Copa D&#8217;Or, em Copacabana, na Zona Sul do Rio ap\u00f3s sentir dores no bra\u00e7o, no in\u00edcio da noite de ontem (23). A artista teve o desconforto durante ponte a\u00e9rea de S\u00e3o Paulo a capital fluminense. Com dificuldades de movimentar a m\u00e3o e com desconforto no pulso ainda durante o voo, Leci foi levada para a unidade de sa\u00fade particular assim que desembarcou.<\/p>\n<p style=\"text-align: justify;\">Por l\u00e1, realizou exames, que n\u00e3o detectaram qualquer problema neurol\u00f3gico. A cantora recebeu alta ontem mesmo, por volta das 22h30, e seguiu para a casa. Ela volta a S\u00e3o Paulo ainda nesta semana, onde far\u00e1 mais exames para descartar quaisquer outros problemas de sa\u00fade. De acordo com a equipe da cantora, os compromissos como deputada e como artista n\u00e3o ser\u00e3o afetados.<\/p>\n<p style=\"text-align: justify;\">\n<p style=\"text-align: justify;\">\n<p style=\"text-align: justify;\">\n<p style=\"text-align: justify;\">\n<p style=\"text-align: justify;\">\n<p style=\"text-align: justify;\">clickpb<\/p>\n","protected":false},"excerpt":{"rendered":"<p>A cantora e deputada estadual de S\u00e3o Paulo, Leci Brand\u00e3o, deu entrada na emerg\u00eancia do hospital Copa D&#8217;Or, em Copacabana, na Zona Sul do Rio ap\u00f3s sentir dores no bra\u00e7o, no in\u00edcio da noite de ontem (23). A artista teve o desconforto durante ponte a\u00e9rea de S\u00e3o Paulo a capital fluminense. Com dificuldades de movimentar<\/p>\n","protected":false},"author":1,"featured_media":9906,"comment_status":"open","ping_status":"open","sticky":false,"template":"","format":"standard","meta":{"_eb_attr":"","footnotes":""},"categories":[7,11],"tags":[],"class_list":["post-9904","post","type-post","status-publish","format-standard","has-post-thumbnail","hentry","category-destaque","category-famosos"],"_links":{"self":[{"href":"https:\/\/portalmidia.net\/index.php\/wp-json\/wp\/v2\/posts\/9904","targetHints":{"allow":["GET"]}}],"collection":[{"href":"https:\/\/portalmidia.net\/index.php\/wp-json\/wp\/v2\/posts"}],"about":[{"href":"https:\/\/portalmidia.net\/index.php\/wp-json\/wp\/v2\/types\/post"}],"author":[{"embeddable":true,"href":"https:\/\/portalmidia.net\/index.php\/wp-json\/wp\/v2\/users\/1"}],"replies":[{"embeddable":true,"href":"https:\/\/portalmidia.net\/index.php\/wp-json\/wp\/v2\/comments?post=9904"}],"version-history":[{"count":0,"href":"https:\/\/portalmidia.net\/index.php\/wp-json\/wp\/v2\/posts\/9904\/revisions"}],"wp:featuredmedia":[{"embeddable":true,"href":"https:\/\/portalmidia.net\/index.php\/wp-json\/wp\/v2\/media\/9906"}],"wp:attachment":[{"href":"https:\/\/portalmidia.net\/index.php\/wp-json\/wp\/v2\/media?parent=9904"}],"wp:term":[{"taxonomy":"category","embeddable":true,"href":"https:\/\/portalmidia.net\/index.php\/wp-json\/wp\/v2\/categories?post=9904"},{"taxonomy":"post_tag","embeddable":true,"href":"https:\/\/portalmidia.net\/index.php\/wp-json\/wp\/v2\/tags?post=9904"}],"curies":[{"name":"wp","href":"https:\/\/api.w.org\/{rel}","templated":true}]}}